{"id":620,"date":"2016-10-13T09:24:00","date_gmt":"2016-10-13T08:24:00","guid":{"rendered":"http:\/\/blogs.hoy.es\/Juandomingofernandez\/?p=620"},"modified":"2016-10-13T09:24:00","modified_gmt":"2016-10-13T08:24:00","slug":"apocalipsis-caseros-y-toques-a-rebato","status":"publish","type":"post","link":"https:\/\/blogs.hoy.es\/Juandomingofernandez\/2016\/10\/13\/apocalipsis-caseros-y-toques-a-rebato\/","title":{"rendered":"Apocalipsis caseros y toques a rebato"},"content":{"rendered":"<p>Dec\u00eda Balzac que en las grandes crisis el coraz\u00f3n se rompe o se curte, que es una traslaci\u00f3n elegante del viejo dicho \u00ablo que no mata, engorda\u00bb. La gravedad de un asunto, la dimensi\u00f3n del problema suele depender de la perspectiva y de la distancia con que lo miramos. Si los prism\u00e1ticos se colocan al rev\u00e9s van a mostrarnos desde luego una imagen muy peque\u00f1a y muy alejada de lo que tenemos enfrente. Elefantes que se convierten en ratones. O a la inversa, microbios que al microscopio semejan monstruos gigantescos.<\/p>\n<p>En pol\u00edtica tambi\u00e9n es relevante la perspectiva del espectador y la distancia al asunto para establecer la dimensi\u00f3n exacta.<\/p>\n<p>Los \u00faltimos acontecimientos vividos por un partido hist\u00f3rico como el PSOE son buen ejemplo ilustrativo. Observada sin anteojeras, la situaci\u00f3n tras el cisma del \u00faltimo Comit\u00e9 Federal no llega ni a la categor\u00eda de an\u00e9cdota comparada su magnitud con los terremotos y enfrentamientos durante la Rep\u00fablica y la guerra civil, la larga traves\u00eda del exilio o las r\u00e9plicas tel\u00faricas del XXVIII Congreso y la renuncia al marxismo. Por no hablar de aquel \u00abOTAN, de entrada no\u00bb ahora paradigm\u00e1tico ante la reciente sucesi\u00f3n de refer\u00e9mdums en otros pa\u00edses europeos. <\/p>\n<p>Cuenta el periodista Carlos Luis \u00c1lvarez \u2018C\u00e1ndido\u2019 en \u2018Memorias prohibidas\u2019 que sus primeros art\u00edculos aparecieron en la revista \u2018Juventud\u2019, donde deb\u00eda mostrarse afecto al Caudillo y al r\u00e9gimen, hasta el extremo de que aprovech\u00f3 que hab\u00edan llevado a Madrid el brazo incorrupto de San Francisco Javier y escribi\u00f3 un art\u00edculo \u00aben el que dec\u00eda que San Francisco Javier hab\u00eda entrado en Madrid brazo en alto\u00bb. Uno de los responsables de la publicaci\u00f3n \u2013aclara C\u00e1ndido\u2013 \u00abme dijo que no hab\u00eda que excederse\u00bb.<\/p>\n<p>Yo percibo un entusiasmo igual de excesivo pero de naturaleza inversa en la forma de echarse las manos a la cabeza y de pregonar el apocalipsis que vaticinan al PSOE los entusiastas \u2018c\u00e1ndidos\u2019 y palmeros del populismo. Es obvio que a la acorazada medi\u00e1tica de Podemos en las redes sociales y en sus medios afines les interesa mantener vivo como asunto pol\u00e9mico las diferencias internas del PSOE antes que las suyas propias, pues de este modo adem\u00e1s de \u2018parasitar\u2019 a la izquierda desv\u00edan la atenci\u00f3n sobre su propio pandem\u00f3nium y el de las variadas mareas. Ya lo dec\u00eda Mao: \u00abEl enemigo me sit\u00faa\u00bb.<\/p>\n<p>Sin negar la evidencia, el PSOE carece de un l\u00edder consolidado y debe recomponerse a corto plazo \u2013a ser posible desde los retos de una oposici\u00f3n responsable, sin complejos\u2013 no desde el limbo autodestructivo y erosionador de estos \u00faltimos meses. A pesar de ello, cabe que se equivoquen en sus previsiones quienes afilan los cuchillos a derecha e izquierda sin reparar en que el partido socialista tiene 137 a\u00f1os de historia, una militancia veterana que no se ha criado en un verano como una tomatera y, sobre todo, varios millones de votantes que cuando oyen tocar a rebato, saben de verdad por qui\u00e9n doblan las campanas.<\/p>\n<!-- AddThis Advanced Settings generic via filter on the_content --><!-- AddThis Share Buttons generic via filter on the_content -->","protected":false},"excerpt":{"rendered":"<p>Dec\u00eda Balzac que en las grandes crisis el coraz\u00f3n se rompe o se curte, que es una traslaci\u00f3n elegante del viejo dicho \u00ablo que no mata, engorda\u00bb. La gravedad de un asunto, la dimensi\u00f3n del problema suele depender de la perspectiva y de la distancia con que lo miramos. Si los prism\u00e1ticos se colocan al [&hellip;]<!-- AddThis Advanced Settings generic via filter on get_the_excerpt --><!-- AddThis Share Buttons generic via filter on get_the_excerpt --><\/p>\n","protected":false},"author":13,"featured_media":0,"comment_status":"open","ping_status":"closed","sticky":false,"template":"","format":"standard","meta":[],"categories":[1],"tags":[128,191,319,391,1009,1015,1060],"_links":{"self":[{"href":"https:\/\/blogs.hoy.es\/Juandomingofernandez\/wp-json\/wp\/v2\/posts\/620"}],"collection":[{"href":"https:\/\/blogs.hoy.es\/Juandomingofernandez\/wp-json\/wp\/v2\/posts"}],"about":[{"href":"https:\/\/blogs.hoy.es\/Juandomingofernandez\/wp-json\/wp\/v2\/types\/post"}],"author":[{"embeddable":true,"href":"https:\/\/blogs.hoy.es\/Juandomingofernandez\/wp-json\/wp\/v2\/users\/13"}],"replies":[{"embeddable":true,"href":"https:\/\/blogs.hoy.es\/Juandomingofernandez\/wp-json\/wp\/v2\/comments?post=620"}],"version-history":[{"count":0,"href":"https:\/\/blogs.hoy.es\/Juandomingofernandez\/wp-json\/wp\/v2\/posts\/620\/revisions"}],"wp:attachment":[{"href":"https:\/\/blogs.hoy.es\/Juandomingofernandez\/wp-json\/wp\/v2\/media?parent=620"}],"wp:term":[{"taxonomy":"category","embeddable":true,"href":"https:\/\/blogs.hoy.es\/Juandomingofernandez\/wp-json\/wp\/v2\/categories?post=620"},{"taxonomy":"post_tag","embeddable":true,"href":"https:\/\/blogs.hoy.es\/Juandomingofernandez\/wp-json\/wp\/v2\/tags?post=620"}],"curies":[{"name":"wp","href":"https:\/\/api.w.org\/{rel}","templated":true}]}}