{"id":622,"date":"2016-10-20T20:36:55","date_gmt":"2016-10-20T19:36:55","guid":{"rendered":"http:\/\/blogs.hoy.es\/Juandomingofernandez\/?p=622"},"modified":"2016-10-20T20:36:55","modified_gmt":"2016-10-20T19:36:55","slug":"el-planeta-y-los-piratas","status":"publish","type":"post","link":"https:\/\/blogs.hoy.es\/Juandomingofernandez\/2016\/10\/20\/el-planeta-y-los-piratas\/","title":{"rendered":"El Planeta y los piratas"},"content":{"rendered":"<p>El pasado fin de semana asist\u00ed en Barcelona a la celebraci\u00f3n del 65 aniversario del Premio Planeta de novela. Durante la conferencia de prensa previa al fallo uno de los miembros del jurado desvel\u00f3 con calculado \u2018suspense\u2019 los temas y l\u00edneas argumentales de las diez novelas finalistas. Entre la multitud de periodistas y blogueros convocados a la cita en el Recinto Modernista de San Pau, la puesta en escena resultaba sugerente y distendida. Sin embargo, hubo un cap\u00edtulo que me result\u00f3 inquietante: el que dedicaron Jos\u00e9 Creuheras, presidente del Grupo Planeta y Jes\u00fas Badenes, director del \u00c1rea de Libros, a denunciar la pirater\u00eda cultural.<br \/>\nCreuheras se refiri\u00f3 a la pirater\u00eda como \u00abla gran amenaza\u00bb, \u00abun atentado a la cultura y un robo\u00bb. \u00abNo es justo\u00bb, dijo, \u00abque no se premie la labor de los escritores\u00bb. M\u00e1s all\u00e1 de alg\u00fan dato esperanzador: el repunte de un 3% en las ventas durante 2016 gracias al crecimiento de libros de ficci\u00f3n y de literatura infantil y juvenil, el verdadero desaf\u00edo para un grupo como Planeta, \u2013el primero de lengua espa\u00f1ola y entre los diez primeros del mundo\u2013 es ensanchar el n\u00famero de lectores en espa\u00f1ol, es decir, extender los l\u00edmites de un mercado de 500 millones de personas.<br \/>\n Al d\u00eda siguiente el jurado desvel\u00f3 que la ganadora del Premio Planeta era <a href=\"http:\/\/www.hoy.es\/culturas\/201610\/16\/planeta-redondo-20161015234838-rc.html\" target=\"_blank\">Dolores Redondo<\/a> con la novela \u2018Todo esto te dar\u00e9\u2019, una historia ambientada en la Ribeira Sacra y sin relaci\u00f3n directa con las tramas y personajes de su popular \u2018trilog\u00eda del Bazt\u00e1n\u2019. Y el finalista, Marcos Chicot, con \u2018El asesinato de S\u00f3crates\u2019, ambientada en la Grecia cl\u00e1sica.<br \/>\nTras la gala de entrega Dolores Redondo explicaba ante los periodistas que \u2018Todo esto te dar\u00e9\u2019 es \u00abuna novela sobre la codicia\u00bb, \u00absobre las alianzas que se forjan alrededor de la codicia\u00bb y asimismo \u00abun alegato contra la impunidad\u00bb y sobre la b\u00fasqueda de la verdad y la amistad de hombres adultos. Una obra con la que rinde homenaje a sus primeras lecturas: \u2018El Padrino\u2019, de Mario Puzzo o las novelas de Agatha Christie, que retrata la historia de una familia y de sus secretos en un territorio, la Ribeira Sacra gallega, donde desde hace siglos \u00abla gente ha sometido un paisaje\u00bb.<br \/>\nMarcos Chicot reconoci\u00f3 que ha buscado el equilibrio entre el rigor que exige la realidad hist\u00f3rica y el ritmo de una trama de ficci\u00f3n a fin de \u00abentretener y ser interesante\u00bb. \u2018El asesinato de S\u00f3crates\u2019 es \u00abuna novela de personaje\u00bb. Alguien le pregunt\u00f3 si en estos momentos S\u00f3crates entrar\u00eda en pol\u00edtica y Chicot descart\u00f3 esa posibilidad. \u00abS\u00f3crates no era capaz de no decir lo que pensaba\u00bb.<br \/>\nHabr\u00e1 que aguardar a su publicaci\u00f3n pero creo que ambas novelas plantean \u2013como suele ocurrir con las creaciones literarias relevantes\u2013  dilemas morales profundos; conflictos caracter\u00edsticos de la condici\u00f3n humana, por encima de la an\u00e9cdota o de lo epis\u00f3dico. Observ\u00e1ndolo sin apasionamiento tambi\u00e9n parece relevante el dilema moral que plantea la en\u00e9sima denuncia de los directivos de Planeta contra la pirater\u00eda cultural. \u00bfPero servir\u00e1 de algo? \u00bfSe quedar\u00e1 solo en largo lamento? \u00bfTendr\u00e1 esa historia un final feliz?<\/p>\n<!-- AddThis Advanced Settings generic via filter on the_content --><!-- AddThis Share Buttons generic via filter on the_content -->","protected":false},"excerpt":{"rendered":"<p>El pasado fin de semana asist\u00ed en Barcelona a la celebraci\u00f3n del 65 aniversario del Premio Planeta de novela. Durante la conferencia de prensa previa al fallo uno de los miembros del jurado desvel\u00f3 con calculado \u2018suspense\u2019 los temas y l\u00edneas argumentales de las diez novelas finalistas. Entre la multitud de periodistas y blogueros convocados [&hellip;]<!-- AddThis Advanced Settings generic via filter on get_the_excerpt --><!-- AddThis Share Buttons generic via filter on get_the_excerpt --><\/p>\n","protected":false},"author":13,"featured_media":0,"comment_status":"open","ping_status":"closed","sticky":false,"template":"","format":"standard","meta":[],"categories":[1],"tags":[362,422,554,621,667,688,758,809,1002,1036],"_links":{"self":[{"href":"https:\/\/blogs.hoy.es\/Juandomingofernandez\/wp-json\/wp\/v2\/posts\/622"}],"collection":[{"href":"https:\/\/blogs.hoy.es\/Juandomingofernandez\/wp-json\/wp\/v2\/posts"}],"about":[{"href":"https:\/\/blogs.hoy.es\/Juandomingofernandez\/wp-json\/wp\/v2\/types\/post"}],"author":[{"embeddable":true,"href":"https:\/\/blogs.hoy.es\/Juandomingofernandez\/wp-json\/wp\/v2\/users\/13"}],"replies":[{"embeddable":true,"href":"https:\/\/blogs.hoy.es\/Juandomingofernandez\/wp-json\/wp\/v2\/comments?post=622"}],"version-history":[{"count":0,"href":"https:\/\/blogs.hoy.es\/Juandomingofernandez\/wp-json\/wp\/v2\/posts\/622\/revisions"}],"wp:attachment":[{"href":"https:\/\/blogs.hoy.es\/Juandomingofernandez\/wp-json\/wp\/v2\/media?parent=622"}],"wp:term":[{"taxonomy":"category","embeddable":true,"href":"https:\/\/blogs.hoy.es\/Juandomingofernandez\/wp-json\/wp\/v2\/categories?post=622"},{"taxonomy":"post_tag","embeddable":true,"href":"https:\/\/blogs.hoy.es\/Juandomingofernandez\/wp-json\/wp\/v2\/tags?post=622"}],"curies":[{"name":"wp","href":"https:\/\/api.w.org\/{rel}","templated":true}]}}