{"id":623,"date":"2016-10-27T21:16:21","date_gmt":"2016-10-27T20:16:21","guid":{"rendered":"http:\/\/blogs.hoy.es\/Juandomingofernandez\/?p=623"},"modified":"2016-10-27T21:16:21","modified_gmt":"2016-10-27T20:16:21","slug":"politica-real-y-de-ficcion","status":"publish","type":"post","link":"https:\/\/blogs.hoy.es\/Juandomingofernandez\/2016\/10\/27\/politica-real-y-de-ficcion\/","title":{"rendered":"Pol\u00edtica real y de ficci\u00f3n"},"content":{"rendered":"<p>En Espa\u00f1a la filosof\u00eda pol\u00edtica est\u00e1 m\u00e1s cerca de \u2018Juego de Tronos\u2019 que de Shakespeare o Isaiah Berlin. Y  as\u00ed nos va. Se percibe la realidad igual que si se tratara de episodios de una serie guionizada e interpretada por los principales l\u00edderes, que a ratos nos parecen personajes de los \u2018Simpson\u2019, de \u2018Borgen\u2019 o \u2018Los Soprano\u2019.<br \/>\nAs\u00ed cristaliz\u00f3 la imagen de un Rajoy indolente cuya principal virtud ser\u00eda sentarse a esperar y ver pasar el tiempo con la esperanza de que desfile tambi\u00e9n ante la puerta el cad\u00e1ver de su enemigo&#8230; La consagraci\u00f3n del viejo principio de Cela: \u00abEl que resiste, gana\u00bb.<br \/>\nDec\u00eda el poeta chino Mei Yaochen que la condici\u00f3n invencible reside en la defensa, pero las oportunidades de victoria en el ataque. \u00bfHa ganado Rajoy el primer asalto por su defensa? \u00bfLo perdi\u00f3 el anterior secretario general del PSOE, Pedro S\u00e1nchez,  por no calcular bien \u2018su\u2019 ataque al pretender convertirse en secretario general permanente en vez de interino, ignorando qui\u00e9nes eran y a qu\u00e9 agrupaciones ganadoras pertenec\u00edan los militantes que le hab\u00edan puesto all\u00ed? \u00abLo que depende de m\u00ed puedo hacerlo; lo que depende del enemigo nunca est\u00e1 garantizado\u00bb, concluye Mei Yaochen.<br \/>\nEn nuestra realidad guionizada el l\u00edder de Podemos puede proclamar (reinterpretando a Marx) que el cielo no se toma por consenso sino por asalto, que la crisis terminar\u00e1 cuando el miedo cambie de bando o que hay que crear \u00abpoder popular\u00bb luchando en la calle antes que en el Parlamento. Pero no ha podido precipitar a un PSOE descabezado y dividido \u2013a pesar de la hiperb\u00f3lica campa\u00f1a de reproches que mantiene activa desde hace meses\u2013 para que salte al vac\u00edo imprevisible de las terceras elecciones&#8230; Y Podemos seguir\u00e1 siendo la tercera fuerza pol\u00edtica, una concentraci\u00f3n de siglas y corrientes sometidas por otra parte a potent\u00edsimas tensiones centr\u00edfugas cuya evoluci\u00f3n es dif\u00edcil de prever.<br \/>\nEn nuestra pol\u00edtica guionizada el ritmo de los acontecimientos puede ser vertiginoso. Pero a la misma velocidad que llegan los acontecimientos, se olvidan. \u00bfQui\u00e9n recuerda ahora aquel famoso \u00abNo. Punto. No vamos a entrar en Podemos. Punto\u00bb, de Tania S\u00e1nchez cuando pertenec\u00eda a la IU encabezada por Cayo Lara? \u00bfQui\u00e9n recuerda la forma y las circunstancias en que fue fulminado nada menos que el secretario de Organizaci\u00f3n de Podemos Sergio Pascual? \u00bf\u2018Juego de Tronos\u2019, \u2018Borgen\u2019 o \u2018Los Soprano\u2019\u00bb. Da igual. Episodios que la actualidad consume y enseguida transforma en g\u00e9nero perecedero, en mera an\u00e9cdota.<br \/>\nLa clave en el plano de la filosof\u00eda pol\u00edtica y de nuestra propia realidad es diferenciar lo anecd\u00f3tico de lo esencial, las voces de los ecos. Los movimientos puramente t\u00e1cticos de los estrat\u00e9gicos. En todo el arco pol\u00edtico. Las decisiones que conciernen a la mayor\u00eda constitucional del pa\u00eds, a los intereses de quienes representan m\u00e1s de dos tercios del Congreso de Espa\u00f1a. He citado otras veces la respuesta que me dio Savater cuando le pregunt\u00e9 por su definici\u00f3n de h\u00e9roe: \u00abAquel que no olvida su destino, su misi\u00f3n\u00bb. Espero que en la encrucijada actual los personajes de nuestra realidad pol\u00edtica act\u00faen como h\u00e9roes o al menos est\u00e9n a la altura del gui\u00f3n.<\/p>\n<!-- AddThis Advanced Settings generic via filter on the_content --><!-- AddThis Share Buttons generic via filter on the_content -->","protected":false},"excerpt":{"rendered":"<p>En Espa\u00f1a la filosof\u00eda pol\u00edtica est\u00e1 m\u00e1s cerca de \u2018Juego de Tronos\u2019 que de Shakespeare o Isaiah Berlin. Y as\u00ed nos va. Se percibe la realidad igual que si se tratara de episodios de una serie guionizada e interpretada por los principales l\u00edderes, que a ratos nos parecen personajes de los \u2018Simpson\u2019, de \u2018Borgen\u2019 o [&hellip;]<!-- AddThis Advanced Settings generic via filter on get_the_excerpt --><!-- AddThis Share Buttons generic via filter on get_the_excerpt --><\/p>\n","protected":false},"author":13,"featured_media":0,"comment_status":"open","ping_status":"closed","sticky":false,"template":"","format":"standard","meta":[],"categories":[1],"tags":[164,276,319,422,481,490,649,714,768,769,828,978,1009,1015,1060,1072,1177,1183,1236],"_links":{"self":[{"href":"https:\/\/blogs.hoy.es\/Juandomingofernandez\/wp-json\/wp\/v2\/posts\/623"}],"collection":[{"href":"https:\/\/blogs.hoy.es\/Juandomingofernandez\/wp-json\/wp\/v2\/posts"}],"about":[{"href":"https:\/\/blogs.hoy.es\/Juandomingofernandez\/wp-json\/wp\/v2\/types\/post"}],"author":[{"embeddable":true,"href":"https:\/\/blogs.hoy.es\/Juandomingofernandez\/wp-json\/wp\/v2\/users\/13"}],"replies":[{"embeddable":true,"href":"https:\/\/blogs.hoy.es\/Juandomingofernandez\/wp-json\/wp\/v2\/comments?post=623"}],"version-history":[{"count":0,"href":"https:\/\/blogs.hoy.es\/Juandomingofernandez\/wp-json\/wp\/v2\/posts\/623\/revisions"}],"wp:attachment":[{"href":"https:\/\/blogs.hoy.es\/Juandomingofernandez\/wp-json\/wp\/v2\/media?parent=623"}],"wp:term":[{"taxonomy":"category","embeddable":true,"href":"https:\/\/blogs.hoy.es\/Juandomingofernandez\/wp-json\/wp\/v2\/categories?post=623"},{"taxonomy":"post_tag","embeddable":true,"href":"https:\/\/blogs.hoy.es\/Juandomingofernandez\/wp-json\/wp\/v2\/tags?post=623"}],"curies":[{"name":"wp","href":"https:\/\/api.w.org\/{rel}","templated":true}]}}