{"id":629,"date":"2016-11-24T19:08:34","date_gmt":"2016-11-24T18:08:34","guid":{"rendered":"http:\/\/blogs.hoy.es\/Juandomingofernandez\/?p=629"},"modified":"2016-11-24T19:08:34","modified_gmt":"2016-11-24T18:08:34","slug":"rita-barbera-del-purgatorio-a-la-gloria","status":"publish","type":"post","link":"https:\/\/blogs.hoy.es\/Juandomingofernandez\/2016\/11\/24\/rita-barbera-del-purgatorio-a-la-gloria\/","title":{"rendered":"Rita Barber\u00e1, del purgatorio a la gloria"},"content":{"rendered":"<p>En nuestro pa\u00eds tiene mucho prestigio la muerte. Antes de hacer su aparici\u00f3n y sobre todo, despu\u00e9s&#8230; \u00abDios nos libre del d\u00eda de las alabanzas\u00bb, avisa el proverbio popular. Por algo ser\u00e1. La muerte sirve para consagrar a una persona o para redimirla. Para procurar que perdure su memoria o para intentar que sucumba al olvido. Al amparo de su poder se han erigido mausoleos o se han sembrado las cunetas de sepulturas. Arriba y abajo.<br \/>\nDurante el antiguo Bachillerato nos ense\u00f1aban que el entierro de Larra sirvi\u00f3, entre otras cosas, para que se diera a conocer un poeta como Jos\u00e9 Zorrilla. La prosa funeraria siempre ha gozado de buena salud en Espa\u00f1a. La prosa y a veces hasta los propios muertos. Ah\u00ed el poeta bohemio Pedro Luis de G\u00e1lvez, de quien P\u00edo Baroja cont\u00f3 que se paseaba por los caf\u00e9s de Madrid con una caja donde llevaba un ni\u00f1o muerto, pidiendo dinero para enterrarlo.<br \/>\nEn Espa\u00f1a somos capaces de levantar panteones por suscripci\u00f3n p\u00fablica a personajes populares y al mismo tiempo hacer humor negro sobre la muerte sin soluci\u00f3n de continuidad. Recitamos de memoria las \u2018Coplas a la muerte de su padre\u2019 de Jorge Manrique y la \u2018Eleg\u00eda a Ram\u00f3n Sij\u00e9\u2019 de Miguel Hern\u00e1ndez pero la Justicia se ve impelida a encausar a quienes hacen chistes sobre los jud\u00edos del Holocausto o sobre Irene Villa en las redes sociales&#8230; Para bastantes espa\u00f1oles el mayor agravio que puede proferirse no es atribuirles alguna condici\u00f3n inmoral o deshonesta, sino \u00abcagarse en sus muertos\u00bb.<br \/>\nNuestro himno m\u00e1s \u00edntimo y esencial deber\u00eda inspirarse en el cuento \u2018La oveja negra\u2019 de Augusto Monterroso. (Quienes no lo conozcan, acudan a una librer\u00eda y l\u00e9anlo). Subraya ese car\u00e1cter c\u00edclico, inamovible, del ser tradicional.<br \/>\nLos episodios vividos ayer a ra\u00edz de la muerte repentina de Rita Barber\u00e1 me parece que son una ilustraci\u00f3n fidedigna de lo que significa morirse en Espa\u00f1a. Ayer, en el purgatorio;  hoy, en la gloria. Diputados de Podemos alambicando argumentos para evitar un gesto tan humano como el de guardar sencillamente un minuto de silencio. Representantes del PP \u2018acusando\u2019 de la muerte a quienes hab\u00edan expresado sus discrepancias pol\u00edticas y cr\u00edticas a Barber\u00e1. Otros colegas suyos, vertiendo l\u00e1grimas de cocodrilo despu\u00e9s de haber forzado su salida del PP. El \u2018oportuno\u2019 Aznar, tratando de cobrarse con reproches \u2018postmortem\u2019 agravios de familia. Y  las redes sociales a pleno rendimiento, convertidas una vez m\u00e1s en el gran alba\u00f1al por el que discurren las inmundicias propias de atarjea.<br \/>\nPero que nadie se llame a enga\u00f1o. Dentro de unos pocos d\u00edas la posici\u00f3n de Podemos ser\u00e1 recordada tan solo como una an\u00e9cdota (alguien a\u00f1adir\u00e1 que tampoco se guard\u00f3 un minuto de silencio cuando muri\u00f3 Labordeta) y no faltar\u00e1 quien se r\u00eda con el chiste tuitero de que Barber\u00e1  lo que ha hecho en el fondo es  \u00abun simpa\u00bb. En su ciudad le tributar\u00e1n homenajes y seguro que en las Fallas se acordar\u00e1n de ella.<\/p>\n<!-- AddThis Advanced Settings generic via filter on the_content --><!-- AddThis Share Buttons generic via filter on the_content -->","protected":false},"excerpt":{"rendered":"<p>En nuestro pa\u00eds tiene mucho prestigio la muerte. Antes de hacer su aparici\u00f3n y sobre todo, despu\u00e9s&#8230; \u00abDios nos libre del d\u00eda de las alabanzas\u00bb, avisa el proverbio popular. Por algo ser\u00e1. La muerte sirve para consagrar a una persona o para redimirla. Para procurar que perdure su memoria o para intentar que sucumba al [&hellip;]<!-- AddThis Advanced Settings generic via filter on get_the_excerpt --><!-- AddThis Share Buttons generic via filter on get_the_excerpt --><\/p>\n","protected":false},"author":13,"featured_media":0,"comment_status":"open","ping_status":"closed","sticky":false,"template":"","format":"standard","meta":[],"categories":[1],"tags":[112,124,422,592,732,879,977,1009,1024,1087,1102,1118,1375],"_links":{"self":[{"href":"https:\/\/blogs.hoy.es\/Juandomingofernandez\/wp-json\/wp\/v2\/posts\/629"}],"collection":[{"href":"https:\/\/blogs.hoy.es\/Juandomingofernandez\/wp-json\/wp\/v2\/posts"}],"about":[{"href":"https:\/\/blogs.hoy.es\/Juandomingofernandez\/wp-json\/wp\/v2\/types\/post"}],"author":[{"embeddable":true,"href":"https:\/\/blogs.hoy.es\/Juandomingofernandez\/wp-json\/wp\/v2\/users\/13"}],"replies":[{"embeddable":true,"href":"https:\/\/blogs.hoy.es\/Juandomingofernandez\/wp-json\/wp\/v2\/comments?post=629"}],"version-history":[{"count":0,"href":"https:\/\/blogs.hoy.es\/Juandomingofernandez\/wp-json\/wp\/v2\/posts\/629\/revisions"}],"wp:attachment":[{"href":"https:\/\/blogs.hoy.es\/Juandomingofernandez\/wp-json\/wp\/v2\/media?parent=629"}],"wp:term":[{"taxonomy":"category","embeddable":true,"href":"https:\/\/blogs.hoy.es\/Juandomingofernandez\/wp-json\/wp\/v2\/categories?post=629"},{"taxonomy":"post_tag","embeddable":true,"href":"https:\/\/blogs.hoy.es\/Juandomingofernandez\/wp-json\/wp\/v2\/tags?post=629"}],"curies":[{"name":"wp","href":"https:\/\/api.w.org\/{rel}","templated":true}]}}