{"id":636,"date":"2016-12-29T19:18:08","date_gmt":"2016-12-29T18:18:08","guid":{"rendered":"http:\/\/blogs.hoy.es\/Juandomingofernandez\/?p=636"},"modified":"2016-12-29T19:18:08","modified_gmt":"2016-12-29T18:18:08","slug":"de-jaime-gil-de-biedma-a-confucio","status":"publish","type":"post","link":"https:\/\/blogs.hoy.es\/Juandomingofernandez\/2016\/12\/29\/de-jaime-gil-de-biedma-a-confucio\/","title":{"rendered":"De Jaime Gil de Biedma a Confucio"},"content":{"rendered":"<p>Esta que lees aqu\u00ed ser\u00e1 mi \u00faltima columna del a\u00f1o 2016. He repasado amigo lector las escritas en las postrimer\u00edas de a\u00f1os precedentes y compruebo que en varias de ellas invoco al Jaime Gil de Biedma de \u2018P\u00edos deseos para empezar el a\u00f1o\u2019 y \u2018De vita beata\u2019, dos poemas acaso apropiados para tiempo de balances como es siempre el mes de diciembre.<br \/>\nAs\u00ed que este a\u00f1o tampoco quiero olvidar los versos de Gil de Biedma: \u00abUn orden de vivir es la sabidur\u00eda\u00bb, ni la vieja sentencia de Laurence Sterne, el padre de \u2018Tristram Shandy\u2019: \u00abLa ciencia se puede aprender de memoria, pero la sabidur\u00eda no\u00bb. Las escuelas y las facultades te conceden un t\u00edtulo \u2013con aplicaci\u00f3n y suerte facilitan el aprendizaje de materias y contenidos infinitos\u2013 pero la sabidur\u00eda es una cima que \u00fanicamente puedes escalar en tu interior. En la conquista de la sabidur\u00eda podr\u00e1n ayudarte los porteadores, te resultar\u00e1n de utilidad los sherpas, pero nadie podr\u00e1 sustituirte en la sacrificada tarea de recorrer la ruta con tes\u00f3n y esfuerzo.<br \/>\nLa sabidur\u00eda es una cumbre que no se gana por el simple discurrir  del tiempo. \u00abLa sabidur\u00eda de los ancianos es un gran error. No se hacen m\u00e1s sabios, sino m\u00e1s prudentes\u00bb, dec\u00eda Hemingway, un escritor para quien el valor relevante de la vida estuvo vinculado siempre a la acci\u00f3n antes que al conocimiento. A su modo \u00e9l tambi\u00e9n podr\u00eda decir lo que Gil de Biedma: \u00abUn orden de vivir es la sabidur\u00eda\u00bb, aunque fueran \u00f3rdenes muy distintos.<br \/>\nAl filo del a\u00f1o nuevo, miro hacia atr\u00e1s y no me parece que el 2016 resulte especialmente memorable. Desde luego no en lo pol\u00edtico. Siento temblores solo de pensar que en estas fechas podr\u00edamos estar discutiendo a\u00fan sobre los resultados de las terceras elecciones y la perspectiva en el horizonte de unas cuartas y tal vez unas quintas&#8230;<br \/>\nMiro hacia atr\u00e1s y veo una Espa\u00f1a con la izquierda real dividida y obsesionada por la \u2018dramatizaci\u00f3n\u2019 de la acci\u00f3n pol\u00edtica. Tras el paso de Pedro S\u00e1nchez por la Secretar\u00eda General del PSOE y el panorama de tierra desolada que se percibe a\u00fan en ese solar hist\u00f3rico, la \u00fanica esperanza es que el paso de los d\u00edas permita cerrar heridas o al menos enfriar las cabezas de modo que el odio que alimenta egos e intereses partidistas no sea decisivo a la hora de tomar las grandes decisiones.  El principal partido de la oposici\u00f3n debe  aprender  tambi\u00e9n del espect\u00e1culo que est\u00e1 ofreciendo estos d\u00edas ese pandemonium pol\u00edtico que ser\u00e1 Podemos mientras lo encabece Pablo Iglesias, un pol\u00edtico \u2018nuevo-viejo\u2019, ejercitado en la egolatr\u00eda y en el regate en corto.<br \/>\nMiro hacia atr\u00e1s y veo un Partido Popular demasiado satisfecho de s\u00ed mismo y tal vez no consciente del formidable \u2018obsequio\u2019 que ha recibido del PSOE, aunque fuera en circunstancias forzadas por el sentido de la responsabilidad nacional y el realismo pol\u00edtico. Porque si hasta ese precipicio el tiempo discurri\u00f3 a favor del PP, en cuanto el PSOE se recomponga el reloj corre para todos.<br \/>\nMis p\u00edos deseos en lo econ\u00f3mico, progreso para Espa\u00f1a, y en lo pol\u00edtico, apelo a la sabidur\u00eda de Confucio: \u00abEl mal no est\u00e1 en tener faltas, sino en no tratar de enmendarlas\u00bb.<\/p>\n<!-- AddThis Advanced Settings generic via filter on the_content --><!-- AddThis Share Buttons generic via filter on the_content -->","protected":false},"excerpt":{"rendered":"<p>Esta que lees aqu\u00ed ser\u00e1 mi \u00faltima columna del a\u00f1o 2016. He repasado amigo lector las escritas en las postrimer\u00edas de a\u00f1os precedentes y compruebo que en varias de ellas invoco al Jaime Gil de Biedma de \u2018P\u00edos deseos para empezar el a\u00f1o\u2019 y \u2018De vita beata\u2019, dos poemas acaso apropiados para tiempo de balances [&hellip;]<!-- AddThis Advanced Settings generic via filter on get_the_excerpt --><!-- AddThis Share Buttons generic via filter on get_the_excerpt --><\/p>\n","protected":false},"author":13,"featured_media":0,"comment_status":"open","ping_status":"closed","sticky":false,"template":"","format":"standard","meta":[],"categories":[1],"tags":[3,269,319,409,422,656,736,944,963,978,1009,1015,1028,1049,1060,1141],"_links":{"self":[{"href":"https:\/\/blogs.hoy.es\/Juandomingofernandez\/wp-json\/wp\/v2\/posts\/636"}],"collection":[{"href":"https:\/\/blogs.hoy.es\/Juandomingofernandez\/wp-json\/wp\/v2\/posts"}],"about":[{"href":"https:\/\/blogs.hoy.es\/Juandomingofernandez\/wp-json\/wp\/v2\/types\/post"}],"author":[{"embeddable":true,"href":"https:\/\/blogs.hoy.es\/Juandomingofernandez\/wp-json\/wp\/v2\/users\/13"}],"replies":[{"embeddable":true,"href":"https:\/\/blogs.hoy.es\/Juandomingofernandez\/wp-json\/wp\/v2\/comments?post=636"}],"version-history":[{"count":0,"href":"https:\/\/blogs.hoy.es\/Juandomingofernandez\/wp-json\/wp\/v2\/posts\/636\/revisions"}],"wp:attachment":[{"href":"https:\/\/blogs.hoy.es\/Juandomingofernandez\/wp-json\/wp\/v2\/media?parent=636"}],"wp:term":[{"taxonomy":"category","embeddable":true,"href":"https:\/\/blogs.hoy.es\/Juandomingofernandez\/wp-json\/wp\/v2\/categories?post=636"},{"taxonomy":"post_tag","embeddable":true,"href":"https:\/\/blogs.hoy.es\/Juandomingofernandez\/wp-json\/wp\/v2\/tags?post=636"}],"curies":[{"name":"wp","href":"https:\/\/api.w.org\/{rel}","templated":true}]}}