{"id":641,"date":"2017-01-19T21:32:32","date_gmt":"2017-01-19T20:32:32","guid":{"rendered":"http:\/\/blogs.hoy.es\/Juandomingofernandez\/?p=641"},"modified":"2017-01-19T21:32:32","modified_gmt":"2017-01-19T20:32:32","slug":"de-la-despoblacion-y-de-los-topicos","status":"publish","type":"post","link":"https:\/\/blogs.hoy.es\/Juandomingofernandez\/2017\/01\/19\/de-la-despoblacion-y-de-los-topicos\/","title":{"rendered":"De la despoblaci\u00f3n y de los t\u00f3picos"},"content":{"rendered":"<p>Algunas de las injusticias m\u00e1s sangrantes que se han cometido con Extremadura tienen su origen en t\u00f3picos repetidos hasta la n\u00e1usea, t\u00f3picos cultivadores de una imagen denigratoria, de brocha gorda.  T\u00f3picos como los versos de Quevedo: \u00abVinieron extreme\u00f1os a cuadrillas \/ bien cerrados de barba y de mollera\u00bb, que contribuyeron a perfilar un imaginario colectivo donde encajaban a la perfecci\u00f3n la manida y falsa figura de un Francisco Pizarro cuidando cerdos antes de irse a la conquista de Per\u00fa; las ficciones tremendistas del Pascual Duarte, que Cela sit\u00faa en la regi\u00f3n; los Azar\u00edas y \u2018santos inocentes\u2019 que  poblaban nuestras dehesas; aquellas Hurdes de hambre y de miseria que Bu\u00f1uel enturbi\u00f3  \u2013a pesar de su buena voluntad\u2013 o ese  clich\u00e9 colectivo  por el cual durante a\u00f1os se ha vinculado a esta tierra con la truculencia de Puerto Hurraco&#8230; (Hubo hasta periodistas, de prestigio, que para despreciar a los dirigentes pol\u00edticos de entonces se inventaron el remoquete: \u00abSocialismo de Puerto Hurraco\u00bb. Mira t\u00fa qu\u00e9 talento.<br \/>\nJusto estos d\u00edas en que Fitur contribuye a difundir una imagen bien distinta de Extremadura, \u2013una de las regiones con \u00edndices de delincuencia m\u00e1s bajos de Espa\u00f1a y una provincia, C\u00e1ceres, de las m\u00e1s seguras de Europa\u2013 los episodios truculentos solo se registran afortunadamente en la ficci\u00f3n de las diversas pel\u00edculas y series televisivas que se ruedan aprovechando su patrimonio natural, hist\u00f3rico y monumental. Los t\u00f3picos o los falsos diagn\u00f3sticos puede hacer que los \u00e1rboles nos impidan ver el bosque. Por eso son insustituibles las acciones que disuelvan los viejos clich\u00e9s que operaron hist\u00f3ricamente contra la imagen de Extremadura. En contra de la imagen y de la realidad.<br \/>\nLas Hurdes de nuestros d\u00edas no tienen nada que ver con las que \u2018pint\u00f3\u2019 Bu\u00f1uel no tanto por las campa\u00f1as publicitarias o de imagen acometidas en las \u00faltimas d\u00e9cadas, sino por las formidables inversiones p\u00fablicas y privadas para mejorar infraestructuras, viviendas, carreteras&#8230; La realidad extreme\u00f1a alberga bastantes similitudes y a la vez bastantes diferencias con la del resto de Espa\u00f1a. El paro, desde luego, es el primer problema, pero a corto y medio plazo tiene otro que pende sobre la cabeza de los extreme\u00f1os con especial gravedad. Me refiero a la despoblaci\u00f3n. Cada d\u00eda somos menos y m\u00e1s viejos. Como en el resto de Espa\u00f1a, me dir\u00e1n ustedes; y s\u00ed, es as\u00ed, pero con un factor en contra de las dos provincias extreme\u00f1as: su gran extensi\u00f3n.<br \/>\nDe ah\u00ed que en el nuevo modelo de financiaci\u00f3n p\u00fablica a elaborar tras la VI Conferencia de Presidentes Auton\u00f3micas los criterios de despoblaci\u00f3n y dispersi\u00f3n geogr\u00e1fica sean determinantes. Una medida cuya necesidad qued\u00f3 patente el pasado mes de octubre en Mont\u00e1nchez con la <a href=\"http:\/\/www.hoy.es\/culturas\/201610\/22\/frente-comun-contra-despoblacion-20161022002305-v.html\" target=\"_blank\">\u2018Declaraci\u00f3n sobre Despoblamiento del Medio Rural\u2019<\/a> que firmaron Diputaciones de toda Espa\u00f1a y la Junta de Extremadura. <\/p>\n<!-- AddThis Advanced Settings generic via filter on the_content --><!-- AddThis Share Buttons generic via filter on the_content -->","protected":false},"excerpt":{"rendered":"<p>Algunas de las injusticias m\u00e1s sangrantes que se han cometido con Extremadura tienen su origen en t\u00f3picos repetidos hasta la n\u00e1usea, t\u00f3picos cultivadores de una imagen denigratoria, de brocha gorda. T\u00f3picos como los versos de Quevedo: \u00abVinieron extreme\u00f1os a cuadrillas \/ bien cerrados de barba y de mollera\u00bb, que contribuyeron a perfilar un imaginario colectivo [&hellip;]<!-- AddThis Advanced Settings generic via filter on get_the_excerpt --><!-- AddThis Share Buttons generic via filter on get_the_excerpt --><\/p>\n","protected":false},"author":13,"featured_media":0,"comment_status":"open","ping_status":"closed","sticky":false,"template":"","format":"standard","meta":[],"categories":[1],"tags":[17,185,320,335,356,371,422,456,503,609,733,774,967,1048,1063,1066,1268],"_links":{"self":[{"href":"https:\/\/blogs.hoy.es\/Juandomingofernandez\/wp-json\/wp\/v2\/posts\/641"}],"collection":[{"href":"https:\/\/blogs.hoy.es\/Juandomingofernandez\/wp-json\/wp\/v2\/posts"}],"about":[{"href":"https:\/\/blogs.hoy.es\/Juandomingofernandez\/wp-json\/wp\/v2\/types\/post"}],"author":[{"embeddable":true,"href":"https:\/\/blogs.hoy.es\/Juandomingofernandez\/wp-json\/wp\/v2\/users\/13"}],"replies":[{"embeddable":true,"href":"https:\/\/blogs.hoy.es\/Juandomingofernandez\/wp-json\/wp\/v2\/comments?post=641"}],"version-history":[{"count":0,"href":"https:\/\/blogs.hoy.es\/Juandomingofernandez\/wp-json\/wp\/v2\/posts\/641\/revisions"}],"wp:attachment":[{"href":"https:\/\/blogs.hoy.es\/Juandomingofernandez\/wp-json\/wp\/v2\/media?parent=641"}],"wp:term":[{"taxonomy":"category","embeddable":true,"href":"https:\/\/blogs.hoy.es\/Juandomingofernandez\/wp-json\/wp\/v2\/categories?post=641"},{"taxonomy":"post_tag","embeddable":true,"href":"https:\/\/blogs.hoy.es\/Juandomingofernandez\/wp-json\/wp\/v2\/tags?post=641"}],"curies":[{"name":"wp","href":"https:\/\/api.w.org\/{rel}","templated":true}]}}