{"id":65,"date":"2007-01-20T23:36:03","date_gmt":"2007-01-20T23:36:03","guid":{"rendered":"http:\/\/blogs.hoy.es\/Juandomingofernandez\/?p=65"},"modified":"2007-01-20T23:36:03","modified_gmt":"2007-01-20T23:36:03","slug":"el-reino-oscuro","status":"publish","type":"post","link":"https:\/\/blogs.hoy.es\/Juandomingofernandez\/2007\/01\/20\/el-reino-oscuro\/","title":{"rendered":"&#039;El reino oscuro&#039;"},"content":{"rendered":"<p class=\"MsoNormal\"><font face=\"Times New Roman\" size=\"4\"><IMG src=\"\/Juandomingofernandez\/files\/48849_deVermeerdeDelft.jpg\"><br \/><\/font><\/p>\n<p class=\"MsoNormal\">&#8216;El arte de la pintura&#8217;, de Vermeer de Delft<\/p>\n<p><\/p>\n<p class=\"MsoNormal\"><\/p>\n<p class=\"MsoNormal\"><\/p>\n<p class=\"MsoNormal\"><font face=\"Times New Roman\" size=\"4\">En su poema &#8216;El reino oscuro&#8217;, del libro<br \/>\n&#8216;Una oculta raz\u00f3n&#8217; -con el que obtuvo el prestigioso Premio Loewe de<br \/>\nPoes\u00eda-&nbsp; <A href=\"http:\/\/es.wikipedia.org\/wiki\/%C3%81lvaro_Valverde\"><font color=\"#0000ff\">\u00c1lvaro Valverde<\/font><\/a> restaura la<br \/>\nhipnotizante atm\u00f3sfera de un cuadro que hab\u00eda en su casa y que \u00e9l recuerda con<br \/>\nuna emoci\u00f3n especial. El poeta no cita el t\u00edtulo de la pintura, pero la<br \/>\nprecisi\u00f3n de sus palabras conducen al lector hasta la famosa obra de Vermeer<br \/>\n&#8216;El arte de la pintura&#8217; o &#8216;Alegor\u00eda de la pintura&#8217;. <\/font><\/p>\n<p class=\"MsoNormal\"><font face=\"Times New Roman\" size=\"4\">Cuando releo ese poema surge la pregunta.<br \/>\n\u00bfQu\u00e9 cuadros recuerdo de mi primera infancia? Pues entre otros, dos<br \/>\nreproducciones, de peque\u00f1o tama\u00f1o y enmarcadas con id\u00e9ntica moldura, de &#8216;La<br \/>\nrendici\u00f3n de Breda&#8217;, de Vel\u00e1zquez, y &#8216;Rebeca y Eliecer&#8217;, de Murillo. Ignoro su<br \/>\norigen. Supongo que mis padres los compraron junto con otros muebles o acaso se<br \/>\nlos regalaron porque hac\u00edan juego con la decoraci\u00f3n de aquella estancia.<\/font><\/p>\n<p class=\"MsoNormal\"><font face=\"Times New Roman\" size=\"4\">Si cierro los ojos&nbsp; y reconstruyo la imagen de los dos cuadros me<br \/>\ninvade la misma sensaci\u00f3n que si me hubiera zampado la &#8216;magdalena de Proust&#8217;,<br \/>\naquella &#8216;piedra Roseta&#8217; capaz de descifrar y de activar los intrincados<br \/>\nmecanismos de la memoria. <\/font><\/p>\n<p><font face=\"Times New Roman\" size=\"4\">Aunque<br \/>\nbien pensado, el recuerdo de esas obras de Vel\u00e1zquez y de Murillo tal vez sea<br \/>\nuna evocaci\u00f3n contaminada por la melancol\u00eda, porque el \u00faltimo regalo de mis<br \/>\nhijos (que son quienes me oyen hablar un d\u00eda s\u00ed y otro tambi\u00e9n del territorio<br \/>\nsagrado de la infancia), el \u00faltimo regalo, dec\u00eda, es el popular higr\u00f3metro del<br \/>\nfraile capuchino se\u00f1alando con su varita el tiempo seco, bueno o h\u00famedo. Y<br \/>\nahora que tengo colgado al fraile (sin segundas, \u00a1eh!) frente a mi mesa de<br \/>\ntrabajo, siento vivamente que es como si me asomara a una ventana tras la que<br \/>\nveo a un ni\u00f1o que mira embelesado la silueta del fraile, aguardando a que suba<br \/>\no baje la varita y se ponga o se quite la capucha. Y aquel ni\u00f1o soy yo.<\/font><\/p>\n<!-- AddThis Advanced Settings generic via filter on the_content --><!-- AddThis Share Buttons generic via filter on the_content -->","protected":false},"excerpt":{"rendered":"<p>&#8216;El arte de la pintura&#8217;, de Vermeer de Delft En su poema &#8216;El reino oscuro&#8217;, del libro &#8216;Una oculta raz\u00f3n&#8217; -con el que obtuvo el prestigioso Premio Loewe de Poes\u00eda-&nbsp; \u00c1lvaro Valverde restaura la hipnotizante atm\u00f3sfera de un cuadro que hab\u00eda en su casa y que \u00e9l recuerda con una emoci\u00f3n especial. El poeta no [&hellip;]<!-- AddThis Advanced Settings generic via filter on get_the_excerpt --><!-- AddThis Share Buttons generic via filter on get_the_excerpt --><\/p>\n","protected":false},"author":13,"featured_media":0,"comment_status":"open","ping_status":"closed","sticky":false,"template":"","format":"standard","meta":[],"categories":[2],"tags":[],"_links":{"self":[{"href":"https:\/\/blogs.hoy.es\/Juandomingofernandez\/wp-json\/wp\/v2\/posts\/65"}],"collection":[{"href":"https:\/\/blogs.hoy.es\/Juandomingofernandez\/wp-json\/wp\/v2\/posts"}],"about":[{"href":"https:\/\/blogs.hoy.es\/Juandomingofernandez\/wp-json\/wp\/v2\/types\/post"}],"author":[{"embeddable":true,"href":"https:\/\/blogs.hoy.es\/Juandomingofernandez\/wp-json\/wp\/v2\/users\/13"}],"replies":[{"embeddable":true,"href":"https:\/\/blogs.hoy.es\/Juandomingofernandez\/wp-json\/wp\/v2\/comments?post=65"}],"version-history":[{"count":0,"href":"https:\/\/blogs.hoy.es\/Juandomingofernandez\/wp-json\/wp\/v2\/posts\/65\/revisions"}],"wp:attachment":[{"href":"https:\/\/blogs.hoy.es\/Juandomingofernandez\/wp-json\/wp\/v2\/media?parent=65"}],"wp:term":[{"taxonomy":"category","embeddable":true,"href":"https:\/\/blogs.hoy.es\/Juandomingofernandez\/wp-json\/wp\/v2\/categories?post=65"},{"taxonomy":"post_tag","embeddable":true,"href":"https:\/\/blogs.hoy.es\/Juandomingofernandez\/wp-json\/wp\/v2\/tags?post=65"}],"curies":[{"name":"wp","href":"https:\/\/api.w.org\/{rel}","templated":true}]}}