{"id":651,"date":"2017-03-23T18:50:36","date_gmt":"2017-03-23T17:50:36","guid":{"rendered":"http:\/\/blogs.hoy.es\/Juandomingofernandez\/?p=651"},"modified":"2017-03-23T18:50:36","modified_gmt":"2017-03-23T17:50:36","slug":"de-inmundicias-publicas-y-otros-males","status":"publish","type":"post","link":"https:\/\/blogs.hoy.es\/Juandomingofernandez\/2017\/03\/23\/de-inmundicias-publicas-y-otros-males\/","title":{"rendered":"De inmundicias p\u00fablicas y otros males"},"content":{"rendered":"<p>Las redes sociales son peque\u00f1as fuentes de las que a veces brota agua cristalina pero tambi\u00e9n descomunales alcantarillas que transportan todo tipo de inmundicias, una especie de doctor Jekyll y m\u00edster Hyde multiplicado y global. Cronol\u00f3gicamente las redes son un medio joven \u2013tal vez en plena adolescencia\u2013 sometido a las transformaciones y crisis propias de la edad. En Espa\u00f1a  existe una sensibilidad a flor de piel con cualquier aspecto relativo al terrorismo que me parece m\u00e1s que justificada despu\u00e9s de sufrir durante d\u00e9cadas los brutales asesinatos de la ETA y el mayor atentado hasta la fecha del terrorismo islamista radical en Europa.<br \/>\nPor eso resultan incomprensibles y dif\u00edciles de disculpar ciertos tuits o mensajes pretendidamente humor\u00edsticos alusivos a v\u00edctimas de ETA como Irene Villa, Ortega Lara, Miguel \u00c1ngel Blanco o hace pocos d\u00edas tras la muerte de Bimba Bos\u00e9 a causa de un c\u00e1ncer de mama. Infamia sin humor.<br \/>\n\u00bfA qu\u00e9 viene este largo pre\u00e1mbulo?, te preguntar\u00e1s, mi buen Yorick. Pues a que ayer asistimos al pen\u00faltimo episodio de este sarampi\u00f3n de \u2018excesos\u2019 que solo deriva en malestar, ofensas gratuitas, gasto p\u00fablico y m\u00e1s trabajo para los jueces.<br \/>\nMe estoy refiriendo al caso de Cassandra Vera, la tuitera de Murcia que hizo chistes sobre <a href=\"http:\/\/www.hoy.es\/nacional\/201703\/22\/audiencia-juzga-tuitera-hizo-20170322104847-rc.html\" target=\"_blank\">Carrero Blanco<\/a> y que fue juzgada ayer en la Audiencia Nacional, acusada de un delito de humillaci\u00f3n a las v\u00edctimas del terrorismo por el que se le ped\u00eda dos a\u00f1os y medio de prisi\u00f3n, ocho a\u00f1os y seis meses de inhabilitaci\u00f3n absoluta as\u00ed como tres a\u00f1os de libertad vigilada. Durante el juicio el fiscal rebaj\u00f3 la petici\u00f3n de pena a un a\u00f1o de prisi\u00f3n, por lo que en caso de ser condenada no ingresar\u00e1 en la c\u00e1rcel. Seg\u00fan ella, \u00abun chiste no es enaltecimiento del terrorismo\u00bb y comentarios similares a los que ella hizo sobre el atentado a Carrero Blanco se vienen haciendo en Espa\u00f1a desde hace d\u00e9cadas.<br \/>\nEn el otro extremo argumental: la posici\u00f3n de la Fiscal\u00eda General del Estado, que no consider\u00f3 delito alguno las declaraciones del portavoz del PP en el Congreso, Rafael Hernando, cuando aludiendo a las v\u00edctimas del franquismo dijo que \u00abesto de estar todos los d\u00edas con los muertos para arriba y para abajo\u00bb es \u00abel entretenimiento de algunos\u00bb.<br \/>\nCada procedimiento es \u00fanico y la justicia no equivale a barajar fichas cuadriculadas. Pero con el <a href=\"http:\/\/www.hoy.es\/internacional\/union-europea\/201703\/23\/redada-policial-birmingham-tras-20170323073033-rc.html\" target=\"_blank\">horizonte europeo y mundial de casos de terrorismo<\/a> de verdad graves, me parece un dispendio dedicar tiempo, dinero y esfuerzo a episodios menores como el de la tuitera murciana, que alimenta encima asimetr\u00edas poco est\u00e9ticas respecto al rigor de los tribunales.<br \/>\nSoy el primer convencido de que las redes sociales tienen que limpiarse para que no se difundan impunemente excesos verbales como los sufridos por las <a href=\"http:\/\/www.hoy.es\/gente-estilo\/201701\/25\/justicia-razonable-investiguen-tuits-20170125120428-rc.html\" target=\"_blank\">v\u00edctimas de ETA o Bimba Bos\u00e9<\/a>. Sin embargo, con la tarea pendiente en el \u00e1mbito de la corrupci\u00f3n pol\u00edtica o la lucha contra el fraude fiscal, entretenerse en tal menudeo es depurar s\u00f3lo un cubito del mar de basura que fluye por las redes. Lo prioritario es sanear el conjunto de la finca, no solo limpiar los establos.<\/p>\n<!-- AddThis Advanced Settings generic via filter on the_content --><!-- AddThis Share Buttons generic via filter on the_content -->","protected":false},"excerpt":{"rendered":"<p>Las redes sociales son peque\u00f1as fuentes de las que a veces brota agua cristalina pero tambi\u00e9n descomunales alcantarillas que transportan todo tipo de inmundicias, una especie de doctor Jekyll y m\u00edster Hyde multiplicado y global. Cronol\u00f3gicamente las redes son un medio joven \u2013tal vez en plena adolescencia\u2013 sometido a las transformaciones y crisis propias de [&hellip;]<!-- AddThis Advanced Settings generic via filter on get_the_excerpt --><!-- AddThis Share Buttons generic via filter on get_the_excerpt --><\/p>\n","protected":false},"author":13,"featured_media":0,"comment_status":"open","ping_status":"closed","sticky":false,"template":"","format":"standard","meta":[],"categories":[1],"tags":[1390,1391,1392,1393,440,1087,1398,1399],"_links":{"self":[{"href":"https:\/\/blogs.hoy.es\/Juandomingofernandez\/wp-json\/wp\/v2\/posts\/651"}],"collection":[{"href":"https:\/\/blogs.hoy.es\/Juandomingofernandez\/wp-json\/wp\/v2\/posts"}],"about":[{"href":"https:\/\/blogs.hoy.es\/Juandomingofernandez\/wp-json\/wp\/v2\/types\/post"}],"author":[{"embeddable":true,"href":"https:\/\/blogs.hoy.es\/Juandomingofernandez\/wp-json\/wp\/v2\/users\/13"}],"replies":[{"embeddable":true,"href":"https:\/\/blogs.hoy.es\/Juandomingofernandez\/wp-json\/wp\/v2\/comments?post=651"}],"version-history":[{"count":0,"href":"https:\/\/blogs.hoy.es\/Juandomingofernandez\/wp-json\/wp\/v2\/posts\/651\/revisions"}],"wp:attachment":[{"href":"https:\/\/blogs.hoy.es\/Juandomingofernandez\/wp-json\/wp\/v2\/media?parent=651"}],"wp:term":[{"taxonomy":"category","embeddable":true,"href":"https:\/\/blogs.hoy.es\/Juandomingofernandez\/wp-json\/wp\/v2\/categories?post=651"},{"taxonomy":"post_tag","embeddable":true,"href":"https:\/\/blogs.hoy.es\/Juandomingofernandez\/wp-json\/wp\/v2\/tags?post=651"}],"curies":[{"name":"wp","href":"https:\/\/api.w.org\/{rel}","templated":true}]}}