{"id":653,"date":"2017-03-30T19:29:00","date_gmt":"2017-03-30T18:29:00","guid":{"rendered":"http:\/\/blogs.hoy.es\/Juandomingofernandez\/?p=653"},"modified":"2017-03-30T19:29:00","modified_gmt":"2017-03-30T18:29:00","slug":"donaciones-millonarias","status":"publish","type":"post","link":"https:\/\/blogs.hoy.es\/Juandomingofernandez\/2017\/03\/30\/donaciones-millonarias\/","title":{"rendered":"Donaciones millonarias"},"content":{"rendered":"<p>Dos de las noticias que han acaparado la atenci\u00f3n durante las \u00faltimas horas tienen que ver con reparto de dinero. La primera se resume  en este titular: \u00abRajoy intenta seducir a Catalu\u00f1a con 4.200 millones en infraestructuras\u00bb. La segunda tiene otro cariz: \u00abAmancio Ortega dona 320 millones para renovar equipos oncol\u00f3gicos en Espa\u00f1a\u00bb. Ya pueden imaginarse cu\u00e1l de ellas arrasa en el  balc\u00f3n de las redes sociales.<br \/>\nCon el dinero donado por el empresario de Inditex podr\u00e1n adquirirse 290 equipos de \u00faltima generaci\u00f3n destinados a hospitales p\u00fablicos de todas las comunidades aut\u00f3nomas. Esa misma noticia subraya el hecho de que cada a\u00f1o se diagnostican en Espa\u00f1a m\u00e1s de 200.000 nuevos casos de c\u00e1ncer, de los que al menos un 60 por ciento precisan tratamiento por radioterapia en alg\u00fan momento de su evoluci\u00f3n.<br \/>\nNo es la primera vez que la Fundaci\u00f3n Amancio Ortega colabora en programas de apoyo a la oncolog\u00eda espa\u00f1ola. Ya lo hizo con anterioridad en dos comunidades aut\u00f3nomas: su Galicia natal y Andaluc\u00eda, a las que don\u00f3 17 y 40 millones de euros respectivamente para la compra de mam\u00f3grafos digitales, nuevos aceleradores lineales y nuevos equipos de radioterapia.<br \/>\nLa decisi\u00f3n de donar \u2013con el beneficio aparejado de la desgravaci\u00f3n fiscal, claro es\u2013 suscita una variedad de opiniones sustentadas en dos pilares b\u00e1sicos, los que se muestran radicalmente en contra y argumentan cosas as\u00ed: \u00abNo queremos caridad sino justicia social\u00bb; \u00absolo sirve para lavar su conciencia y desgravar a Hacienda\u00bb; \u00abdona porque paga sueldos de miseria a trabajadores de pa\u00edses subdesarrollados\u00bb o \u00abdona una parte \u00ednfima de su fortuna\u00bb&#8230; Y enfrente las opiniones, creo que mayoritarias, de quienes responden: \u00abYa pod\u00edan aprender los pol\u00edticos\u00bb; \u00abnecesitamos doscientos empresarios como Amancio Ortega\u00bb; \u00abnoticias as\u00ed me hacen recuperar la fe en la humanidad\u00bb o \u00abseguro que no faltar\u00e1 quien critique tambi\u00e9n que alguien done esa millonada para la lucha contra el c\u00e1ncer\u00bb.<br \/>\nLa noticia de Amancio Ortega me trae a la memoria la entrevista que hice al fil\u00e1ntropo e intelectual Diego Hidalgo Schnur en 2010, cuando arreciaba el vendaval de la crisis econ\u00f3mica y financiera por medio mundo. Hidalgo, consciente de los efectos que provoca la globalizaci\u00f3n sosten\u00eda que los mercados, por naturaleza, \u00abni se autocorrigen, ni se autorregulan ni se autoequilibran\u00bb. En resumen: los mercados jam\u00e1s buscan una justificaci\u00f3n \u00e9tica propia, quiz\u00e1s porque el dinero, como es sabido, no tiene patria y los mercados financieros no tienen alma.<br \/>\n\u00bfCambiar\u00e1n esos principios \u2018solo\u2019 por efecto del voluntarismo o de los  reproches que desde las redes sociales se \u2018escupan\u2019 a los grandes empresarios o a las grandes corporaciones internacionales? All\u00e1 cada cual con su optimismo&#8230; As\u00ed que teniendo en cuenta la acendrada falta de \u00e9tica de los mercados y el car\u00e1cter ap\u00e1trida del dinero, me parece que las preguntas claves no hay que plantearlas sobre la donaci\u00f3n de Amancio Ortega, que es suya, sino sobre la donaci\u00f3n millonaria que recibir\u00e1 Catalu\u00f1a, que es nuestra.<\/p>\n<!-- AddThis Advanced Settings generic via filter on the_content --><!-- AddThis Share Buttons generic via filter on the_content -->","protected":false},"excerpt":{"rendered":"<p>Dos de las noticias que han acaparado la atenci\u00f3n durante las \u00faltimas horas tienen que ver con reparto de dinero. La primera se resume en este titular: \u00abRajoy intenta seducir a Catalu\u00f1a con 4.200 millones en infraestructuras\u00bb. La segunda tiene otro cariz: \u00abAmancio Ortega dona 320 millones para renovar equipos oncol\u00f3gicos en Espa\u00f1a\u00bb. Ya pueden [&hellip;]<!-- AddThis Advanced Settings generic via filter on get_the_excerpt --><!-- AddThis Share Buttons generic via filter on get_the_excerpt --><\/p>\n","protected":false},"author":13,"featured_media":0,"comment_status":"open","ping_status":"closed","sticky":false,"template":"","format":"standard","meta":[],"categories":[1],"tags":[1389,193,205,1394,422,1395,538,1396,812,1087,1397,1207],"_links":{"self":[{"href":"https:\/\/blogs.hoy.es\/Juandomingofernandez\/wp-json\/wp\/v2\/posts\/653"}],"collection":[{"href":"https:\/\/blogs.hoy.es\/Juandomingofernandez\/wp-json\/wp\/v2\/posts"}],"about":[{"href":"https:\/\/blogs.hoy.es\/Juandomingofernandez\/wp-json\/wp\/v2\/types\/post"}],"author":[{"embeddable":true,"href":"https:\/\/blogs.hoy.es\/Juandomingofernandez\/wp-json\/wp\/v2\/users\/13"}],"replies":[{"embeddable":true,"href":"https:\/\/blogs.hoy.es\/Juandomingofernandez\/wp-json\/wp\/v2\/comments?post=653"}],"version-history":[{"count":0,"href":"https:\/\/blogs.hoy.es\/Juandomingofernandez\/wp-json\/wp\/v2\/posts\/653\/revisions"}],"wp:attachment":[{"href":"https:\/\/blogs.hoy.es\/Juandomingofernandez\/wp-json\/wp\/v2\/media?parent=653"}],"wp:term":[{"taxonomy":"category","embeddable":true,"href":"https:\/\/blogs.hoy.es\/Juandomingofernandez\/wp-json\/wp\/v2\/categories?post=653"},{"taxonomy":"post_tag","embeddable":true,"href":"https:\/\/blogs.hoy.es\/Juandomingofernandez\/wp-json\/wp\/v2\/tags?post=653"}],"curies":[{"name":"wp","href":"https:\/\/api.w.org\/{rel}","templated":true}]}}