{"id":657,"date":"2017-04-13T20:19:29","date_gmt":"2017-04-13T19:19:29","guid":{"rendered":"http:\/\/blogs.hoy.es\/Juandomingofernandez\/?p=657"},"modified":"2017-04-13T20:19:29","modified_gmt":"2017-04-13T19:19:29","slug":"verdad-y-hologramas","status":"publish","type":"post","link":"https:\/\/blogs.hoy.es\/Juandomingofernandez\/2017\/04\/13\/verdad-y-hologramas\/","title":{"rendered":"Verdad y hologramas"},"content":{"rendered":"<p>Ante la abundancia de \u2018posverdades\u2019 o directamente \u2018mentiras\u2019 que pululan en el ecosistema informativo resulta urgente separar los hechos de las opiniones, las voces de los ecos, la realidad de la tramoya. Imprescindible y forzoso.<\/p>\n<p>\u2018Le Huffington Post\u2019 da cuenta esta semana de c\u00f3mo Jean-Luc M\u00e9lenchon, eurodiputado y candidato a las elecciones presidenciales del movimiento Francia insumisa se dispone a organizar grandes m\u00edtines con su imagen multiplicada sobre el escenario por medio de hologramas. Del acontecimiento se hace eco en <a href=\"https:\/\/twitter.com\/NachoSAmor\/status\/851853703250366468\" target=\"_blank\">twitter Nacho S\u00e1nchez Amor<\/a>: \u00abLos m\u00edtines con hologramas pasan de Turqu\u00eda a Francia. Pronto no ya el orador, tambi\u00e9n el p\u00fablico en hologramas. Al tiempo\u00bb, profetiza el diputado socialista en el Congreso.<\/p>\n<p>Nadie duda que la pol\u00edtica tiene una parte de teatro, de escenificaci\u00f3n&#8230; no solo durante los periodos electorales sino en la pr\u00e1ctica diaria. Pero el uso de forma habitual de hologramas (im\u00e1genes tridimensionales que se \u2018materializan\u2019 mediante holograf\u00edas) es un salto cualitativo, la apoteosis del juego de espejos donde disputan su partida la verdad y las apariencias, la realidad y lo que ahora se denominan \u2018hechos alternativos\u2019.<\/p>\n<p>Aunque quiz\u00e1s no haya lugar al asombro ni deba considerarse extraordinario el mitin con protagonista y p\u00fablico hologr\u00e1ficos pues bien pensado \u00bfqu\u00e9 otra cosa son las redes sociales y la multiplicaci\u00f3n virtual de mensajes, mantras y argumentarios? \u00bfQu\u00e9 m\u00e1s holograma que los v\u00eddeos pol\u00edticos de promoci\u00f3n o las intervenciones enlatadas en plat\u00f3s? \u00bfAcaso no es la propia realidad virtual en la que suceden esas \u2018acciones\u2019 una masiva y prodigiosa escenificaci\u00f3n hologr\u00e1fica? El eco robotizado de un cartel.<\/p>\n<p>Para millones de seguidores de la saga cinematogr\u00e1fica \u2018Star Wars\u2019 hay un \u2018momento holograma\u2019 inolvidable justo cuando la princesa Leia suplica: \u00abAy\u00fadame Obi-Wan Kenobi, eres mi \u00fanica esperanza\u00bb. Se trata de un instante dram\u00e1tico en la historia y del \u00faltimo recurso que la princesa tiene para comunicarse con el maestro jedi, a millones de kil\u00f3metros entonces de ella.<\/p>\n<p>Sin embargo ahora, si se populariza el procedimiento hologr\u00e1fico, ser\u00e1 ante todo por sentido utilitario y medi\u00e1tico, es decir, como recurso llamativo para contribuir a que los m\u00edtines refuercen su car\u00e1cter de puro espect\u00e1culo, de placebo luminoso y superficial. De cumplirse la profec\u00eda de S\u00e1nchez Amor, quienes acudan a los m\u00edtines recibir\u00e1n de los oradores peticiones hologr\u00e1ficas similares a esta: \u00abAy\u00fadame, votante m\u00edo, eres mi \u00fanica esperanza\u00bb. O cosas por el estilo.<\/p>\n<p>Dec\u00eda Machado que hay dos clases de hombres, los que viven hablando de las virtudes y los que se limitan a tenerlas. Me parece que la llegada de los hologramas viene a complicar las cosas algo m\u00e1s. Si ya de por s\u00ed resulta arduo establecer cu\u00e1ndo un hombre realmente es virtuoso y no un simple impostor, con hologramas resplandeciendo sobre la tarima se me antoja peliagudo separar el trigo de la paja, la verdad de los hechos alternativos. En otro tiempo, adem\u00e1s, a los malos actores se les pod\u00eda tirar tomates en el teatro. \u00bfPero qu\u00e9 le lanzas para acertar a un holograma?<\/p>\n<!-- AddThis Advanced Settings generic via filter on the_content --><!-- AddThis Share Buttons generic via filter on the_content -->","protected":false},"excerpt":{"rendered":"<p>Ante la abundancia de \u2018posverdades\u2019 o directamente \u2018mentiras\u2019 que pululan en el ecosistema informativo resulta urgente separar los hechos de las opiniones, las voces de los ecos, la realidad de la tramoya. Imprescindible y forzoso. \u2018Le Huffington Post\u2019 da cuenta esta semana de c\u00f3mo Jean-Luc M\u00e9lenchon, eurodiputado y candidato a las elecciones presidenciales del movimiento [&hellip;]<!-- AddThis Advanced Settings generic via filter on get_the_excerpt --><!-- AddThis Share Buttons generic via filter on get_the_excerpt --><\/p>\n","protected":false},"author":13,"featured_media":0,"comment_status":"open","ping_status":"closed","sticky":false,"template":"","format":"standard","meta":[],"categories":[1],"tags":[188,1409,1411,1413,1414,1015,1383,1415],"_links":{"self":[{"href":"https:\/\/blogs.hoy.es\/Juandomingofernandez\/wp-json\/wp\/v2\/posts\/657"}],"collection":[{"href":"https:\/\/blogs.hoy.es\/Juandomingofernandez\/wp-json\/wp\/v2\/posts"}],"about":[{"href":"https:\/\/blogs.hoy.es\/Juandomingofernandez\/wp-json\/wp\/v2\/types\/post"}],"author":[{"embeddable":true,"href":"https:\/\/blogs.hoy.es\/Juandomingofernandez\/wp-json\/wp\/v2\/users\/13"}],"replies":[{"embeddable":true,"href":"https:\/\/blogs.hoy.es\/Juandomingofernandez\/wp-json\/wp\/v2\/comments?post=657"}],"version-history":[{"count":0,"href":"https:\/\/blogs.hoy.es\/Juandomingofernandez\/wp-json\/wp\/v2\/posts\/657\/revisions"}],"wp:attachment":[{"href":"https:\/\/blogs.hoy.es\/Juandomingofernandez\/wp-json\/wp\/v2\/media?parent=657"}],"wp:term":[{"taxonomy":"category","embeddable":true,"href":"https:\/\/blogs.hoy.es\/Juandomingofernandez\/wp-json\/wp\/v2\/categories?post=657"},{"taxonomy":"post_tag","embeddable":true,"href":"https:\/\/blogs.hoy.es\/Juandomingofernandez\/wp-json\/wp\/v2\/tags?post=657"}],"curies":[{"name":"wp","href":"https:\/\/api.w.org\/{rel}","templated":true}]}}