{"id":658,"date":"2017-04-20T19:21:54","date_gmt":"2017-04-20T18:21:54","guid":{"rendered":"http:\/\/blogs.hoy.es\/Juandomingofernandez\/?p=658"},"modified":"2017-04-20T19:21:54","modified_gmt":"2017-04-20T18:21:54","slug":"la-corrupcion-y-otras-conmemoraciones","status":"publish","type":"post","link":"https:\/\/blogs.hoy.es\/Juandomingofernandez\/2017\/04\/20\/la-corrupcion-y-otras-conmemoraciones\/","title":{"rendered":"La corrupci\u00f3n y otras conmemoraciones"},"content":{"rendered":"<p>Cada d\u00eda tiene su af\u00e1n y la ONU por su parte un surtido calendario para conmemorar causas justas. Algunas de esas jornadas son tan conocidas como el D\u00eda Mundial contra el C\u00e1ncer, el D\u00eda Internacional de la Mujer o el D\u00eda Mundial del Libro y de los derechos de autor, que se celebra precisamente el pr\u00f3ximo domingo, 23 de abril. Otros d\u00edas internacionales se nos antojan menos relevantes, aunque es probable que la cercan\u00eda o los v\u00ednculos con el tema de que se trate condicionar\u00e1 nuestra opini\u00f3n.<br \/>\nSe establecen d\u00edas tan de sobra justificados como el de los Refugiados o el  de la Salud, pero la programaci\u00f3n oficial incluye tambi\u00e9n algunos m\u00e1s singulares: el de la Diversi\u00f3n en el Trabajo,  el del Beso, el de la Felicidad o el D\u00eda Internacional de los Asteroides, por ejemplo. Salvo este \u00faltimo, cuya necesidad espec\u00edfica me queda algo a trasmano, la conveniencia de los dem\u00e1s estoy dispuesto a defenderla de forma entusiasta, sobre todo los de la Diversi\u00f3n en el Trabajo y el Beso, cuya culminaci\u00f3n habr\u00eda que celebrar, supongo, el D\u00eda Internacional de la Felicidad.<br \/>\nNo quiero pecar de tiquismiquis porque es obvio que la mayor\u00eda de las conmemoraciones se establecen para el \u00e1mbito sanitario, de la salud, la ciencia, el desarrollo econ\u00f3mico y los avances sociales. Sin embargo, me desconciertan algunas propuestas de la ONU. El 11 de diciembre se fij\u00f3 como D\u00eda Nacional del Tango (es de suponer que en Argentina), pero \u00bfpor qu\u00e9 no su equivalente en M\u00e9xico para las rancheras o los corridos; y en Espa\u00f1a para las buler\u00edas, los fandangos y la jota aragonesa? \u00bfNo da lugar a discriminaciones la reserva oficial de jornadas conmemorativas? \u00bfVivimos ya bajo el imperio de lo pol\u00edticamente correcto a toda costa?<br \/>\nCuando repaso el calendario de d\u00edas internacionales y mundiales no me atrevo a borrar ninguno, al contrario, subrayar\u00eda varios imprescindibles: el 3 de mayo, D\u00eda Mundial de la Libertad de Prensa; el 21 de septiembre, D\u00eda Internacional de la Paz; el 7 de abril, D\u00eda Mundial de la Salud; el 25 de noviembre, D\u00eda Internacional de la Eliminaci\u00f3n de la Violencia contra la Mujer&#8230;<br \/>\nY bueno, me siguen sorprendiendo algunos recordatorios bien peculiares: el D\u00eda del Orgullo Zombie, el del Soltero, el del Pistacho o el D\u00eda del Orgullo Friki. \u00bfSignifica que vivimos en una sociedad f\u00e9rtil en conquistas y plural en matices sociales? \u00bfLa apoteosis del postureo? Desde luego la n\u00f3mina de d\u00edas raros alberga joyas de museo: D\u00eda del Bol\u00edgrafo, del Cannabis, de Star Wars, de los Calcetines desparejados&#8230;<br \/>\nAunque pueda parecer que todas las causas cuentan con su correspondiente cumplea\u00f1os, echo de menos bastantes aniversarios. \u00bfCu\u00e1ndo es por ejemplo el D\u00eda de la Corrupci\u00f3n, af\u00e1n al que miles de personas se entregan fren\u00e9ticamente en Espa\u00f1a desde hace a\u00f1os? \u00bfCu\u00e1ndo el D\u00eda nacional de la Irresponsabilidad, de quienes dicen \u00abyo no s\u00e9 nada\u00bb o \u00aba m\u00ed que no me pregunten\u00bb? \u00bfCu\u00e1ndo el D\u00eda de la Ley del Embudo? Me parece que alguien tendr\u00eda que ir avisando a la ONU. <\/p>\n<!-- AddThis Advanced Settings generic via filter on the_content --><!-- AddThis Share Buttons generic via filter on the_content -->","protected":false},"excerpt":{"rendered":"<p>Cada d\u00eda tiene su af\u00e1n y la ONU por su parte un surtido calendario para conmemorar causas justas. Algunas de esas jornadas son tan conocidas como el D\u00eda Mundial contra el C\u00e1ncer, el D\u00eda Internacional de la Mujer o el D\u00eda Mundial del Libro y de los derechos de autor, que se celebra precisamente el [&hellip;]<!-- AddThis Advanced Settings generic via filter on get_the_excerpt --><!-- AddThis Share Buttons generic via filter on get_the_excerpt --><\/p>\n","protected":false},"author":13,"featured_media":0,"comment_status":"open","ping_status":"closed","sticky":false,"template":"","format":"standard","meta":[],"categories":[1],"tags":[1407,1408,287,422,1015,1027],"_links":{"self":[{"href":"https:\/\/blogs.hoy.es\/Juandomingofernandez\/wp-json\/wp\/v2\/posts\/658"}],"collection":[{"href":"https:\/\/blogs.hoy.es\/Juandomingofernandez\/wp-json\/wp\/v2\/posts"}],"about":[{"href":"https:\/\/blogs.hoy.es\/Juandomingofernandez\/wp-json\/wp\/v2\/types\/post"}],"author":[{"embeddable":true,"href":"https:\/\/blogs.hoy.es\/Juandomingofernandez\/wp-json\/wp\/v2\/users\/13"}],"replies":[{"embeddable":true,"href":"https:\/\/blogs.hoy.es\/Juandomingofernandez\/wp-json\/wp\/v2\/comments?post=658"}],"version-history":[{"count":0,"href":"https:\/\/blogs.hoy.es\/Juandomingofernandez\/wp-json\/wp\/v2\/posts\/658\/revisions"}],"wp:attachment":[{"href":"https:\/\/blogs.hoy.es\/Juandomingofernandez\/wp-json\/wp\/v2\/media?parent=658"}],"wp:term":[{"taxonomy":"category","embeddable":true,"href":"https:\/\/blogs.hoy.es\/Juandomingofernandez\/wp-json\/wp\/v2\/categories?post=658"},{"taxonomy":"post_tag","embeddable":true,"href":"https:\/\/blogs.hoy.es\/Juandomingofernandez\/wp-json\/wp\/v2\/tags?post=658"}],"curies":[{"name":"wp","href":"https:\/\/api.w.org\/{rel}","templated":true}]}}