{"id":665,"date":"2017-05-25T20:16:52","date_gmt":"2017-05-25T19:16:52","guid":{"rendered":"http:\/\/blogs.hoy.es\/Juandomingofernandez\/?p=665"},"modified":"2017-05-25T20:20:52","modified_gmt":"2017-05-25T19:20:52","slug":"maneras-de-triunfar","status":"publish","type":"post","link":"https:\/\/blogs.hoy.es\/Juandomingofernandez\/2017\/05\/25\/maneras-de-triunfar\/","title":{"rendered":"Maneras de triunfar"},"content":{"rendered":"<p>Confieso que me acerco estos d\u00edas a los asuntos de la actualidad pol\u00edtica con algo de distanciamiento, buscando esa perspectiva que permite dotarnos de ecuanimidad y nos afina el juicio. Creo que de esa forma se hacen m\u00e1s llevaderos, m\u00e1s soportables, dos problemas relevantes para el conjunto de Espa\u00f1a: el llamado desaf\u00edo del independentismo catal\u00e1n y la necesaria \u2018recomposici\u00f3n\u2019 de un PSOE que acaba de elegir secretario general a Pedro S\u00e1nchez.<br \/>\nRespecto al \u2018problema\u2019 catal\u00e1n \u2013denominarlo la \u2018cuesti\u00f3n\u2019 catalana me parece que ser\u00eda rebajar improcedentemente su importancia\u2013 creo que el \u2018soufl\u00e9\u2019 empieza a bajar, aunque los aspavientos y el farfulleo de Puigdemont intenten convencernos de lo contrario. La prueba que lo resume son los datos de la encuesta de Metroscopia publicada ayer por \u2018El Pa\u00eds\u2019, y seg\u00fan la cual dos de cada tres catalanes (el 66%) consideran que el proceso soberanista no va bien, que pierde fuelle cuando se acerca la te\u00f3rica fecha del refer\u00e9ndum, mientras que solo uno de cada tres (34%) cree que la independencia ser\u00e1 posible en un futuro m\u00e1s o menos cercano.<br \/>\nEl descenso del \u00edmpetu independentista (exacerbado en los \u00faltimos a\u00f1os por un pu\u00f1ado de dirigentes que emprendieron la huida hacia el abismo o el viaje hacia ninguna parte que no sea el \u2018choque de trenes\u2019) esa reducci\u00f3n de la calentura soberanista, dec\u00eda, no justifica sin embargo la pol\u00edtica de negativas absolutas; en consecuencia, ni el gobierno del PP ni ning\u00fan otro pueden violentar la legalidad para dar satisfacci\u00f3n a un grupo concreto, por nutrido que sea, de ciudadanos. Pero s\u00ed puede perseverar \u2013y est\u00e1 obligado a ello\u2013 en posiciones dialogantes y negociadoras, siempre dentro del orden constitucional y democr\u00e1tico.<br \/>\nLa encuesta de Metroscopia revela tambi\u00e9n el distanciamiento de una mayor\u00eda de catalanes respecto a ciertas propuestas del Gobierno de la Generalitat. Por ejemplo, cuando se les pregunta por la posibilidad de una declaraci\u00f3n de independencia unilateral (como prev\u00e9 la llamada \u2018ley de ruptura\u2019) \u00fanicamente el 35% de los catalanes apoyan esa opci\u00f3n, mientras que la rechazan de plano el 61%. \u00bfFuncionan los frenos o es una falso efecto?<br \/>\nEn cuanto a la \u2018recomposici\u00f3n\u2019 del PSOE, un partido imprescindible en el sistema de contrapesos de la democracia espa\u00f1ola, mis temores no tienen que ver tanto con la propuesta ideol\u00f3gica o ponencia marco, casi seguro que en la l\u00ednea socialdem\u00f3crata que todos esperan, sino con la forma y el fondo con los que Pedro S\u00e1nchez ejerza su \u2018direcci\u00f3n\u2019. Y escribo \u2018direcci\u00f3n\u2019 y no \u2018liderazgo\u2019 porque a mi parecer Pedro S\u00e1nchez es un dirigente pero no es un l\u00edder. Y creo que la forma en que ha sido aupado a la Secretar\u00eda General socialista tiene m\u00e1s relaci\u00f3n con circunstancias externas que con m\u00e9ritos o capacidades personales.<br \/>\nAs\u00ed que tanto en el \u2018problema\u2019 catal\u00e1n como en el regreso triunfal de Pedro S\u00e1nchez supongo que la clave para una evaluaci\u00f3n correcta es la conocida frase de Camus: \u00abEl \u00e9xito es f\u00e1cil de obtener. Lo dif\u00edcil es merecerlo\u00bb. Que los mismos protagonistas se pongan nota.<\/p>\n<!-- AddThis Advanced Settings generic via filter on the_content --><!-- AddThis Share Buttons generic via filter on the_content -->","protected":false},"excerpt":{"rendered":"<p>Confieso que me acerco estos d\u00edas a los asuntos de la actualidad pol\u00edtica con algo de distanciamiento, buscando esa perspectiva que permite dotarnos de ecuanimidad y nos afina el juicio. Creo que de esa forma se hacen m\u00e1s llevaderos, m\u00e1s soportables, dos problemas relevantes para el conjunto de Espa\u00f1a: el llamado desaf\u00edo del independentismo catal\u00e1n [&hellip;]<!-- AddThis Advanced Settings generic via filter on get_the_excerpt --><!-- AddThis Share Buttons generic via filter on get_the_excerpt --><\/p>\n","protected":false},"author":13,"featured_media":0,"comment_status":"open","ping_status":"closed","sticky":false,"template":"","format":"standard","meta":[],"categories":[1],"tags":[40,205,319,1436,422,1433,1435,978,1015,1060,1432,1434,1196],"_links":{"self":[{"href":"https:\/\/blogs.hoy.es\/Juandomingofernandez\/wp-json\/wp\/v2\/posts\/665"}],"collection":[{"href":"https:\/\/blogs.hoy.es\/Juandomingofernandez\/wp-json\/wp\/v2\/posts"}],"about":[{"href":"https:\/\/blogs.hoy.es\/Juandomingofernandez\/wp-json\/wp\/v2\/types\/post"}],"author":[{"embeddable":true,"href":"https:\/\/blogs.hoy.es\/Juandomingofernandez\/wp-json\/wp\/v2\/users\/13"}],"replies":[{"embeddable":true,"href":"https:\/\/blogs.hoy.es\/Juandomingofernandez\/wp-json\/wp\/v2\/comments?post=665"}],"version-history":[{"count":2,"href":"https:\/\/blogs.hoy.es\/Juandomingofernandez\/wp-json\/wp\/v2\/posts\/665\/revisions"}],"predecessor-version":[{"id":667,"href":"https:\/\/blogs.hoy.es\/Juandomingofernandez\/wp-json\/wp\/v2\/posts\/665\/revisions\/667"}],"wp:attachment":[{"href":"https:\/\/blogs.hoy.es\/Juandomingofernandez\/wp-json\/wp\/v2\/media?parent=665"}],"wp:term":[{"taxonomy":"category","embeddable":true,"href":"https:\/\/blogs.hoy.es\/Juandomingofernandez\/wp-json\/wp\/v2\/categories?post=665"},{"taxonomy":"post_tag","embeddable":true,"href":"https:\/\/blogs.hoy.es\/Juandomingofernandez\/wp-json\/wp\/v2\/tags?post=665"}],"curies":[{"name":"wp","href":"https:\/\/api.w.org\/{rel}","templated":true}]}}