{"id":674,"date":"2017-06-15T19:18:22","date_gmt":"2017-06-15T18:18:22","guid":{"rendered":"http:\/\/blogs.hoy.es\/Juandomingofernandez\/?p=674"},"modified":"2017-06-16T20:53:40","modified_gmt":"2017-06-16T19:53:40","slug":"de-diagnosticos-y-trenes-que-pasan","status":"publish","type":"post","link":"https:\/\/blogs.hoy.es\/Juandomingofernandez\/2017\/06\/15\/de-diagnosticos-y-trenes-que-pasan\/","title":{"rendered":"De diagn\u00f3sticos y trenes que pasan"},"content":{"rendered":"<p>Ahora\u00a0que de casi todo hace ya veinte a\u00f1os, que dec\u00eda Jaime Gil de Biedma, resulta que de las primeras elecciones libres de la etapa democr\u00e1tica no hace veinte sino cuarenta, que ya son a\u00f1os. La ruleta del calendario ha bordeado otra carambola: emparejar aquel 15-J inici\u00e1tico e ilusionante con este 13-J terminal y previsible en que se represent\u00f3 la postrera moci\u00f3n de censura del Parlamento espa\u00f1ol.<br \/>\nEn un art\u00edculo publicado en su secci\u00f3n de \u2018ABC\u2019 en mayo de 1977 el periodista Carlos Luis \u00c1lvarez escribe sobre la presentaci\u00f3n que Rafael Alberti hizo de sus apuntes de \u2018El Adefesio\u2019, encuentro al que tambi\u00e9n acudieron D\u00e1maso Alonso, Gerardo Diego \u00aby mucha m\u00e1s crema de la intelectualidad\u00bb. El periodista a\u00f1ade una an\u00e9cdota deliciosa: \u00abMi amigo Manolo Vicent me cont\u00f3 en lo de Alberti que hab\u00eda visto a una joven \u00e1crata rechazar \u2018Mundo Obrero\u2019 porque dec\u00eda que era un peri\u00f3dico mon\u00e1rquico. \u00bfCabe mayor indicativo de lo que es una situaci\u00f3n moderada?\u00bb, se preguntaba\u00a0Carlos Luis \u00c1lvarez con la revolera de la iron\u00eda.<br \/>\nVista con perspectiva, la moci\u00f3n de censura del 13-J me parece que es tambi\u00e9n la prueba de que vivimos una situaci\u00f3n moderada, solo que en vez de j\u00f3venes \u00e1cratas juzgando con desd\u00e9n y displicencia a \u2018Mundo Obrero, (entonces nada menos que el peri\u00f3dico del \u2018partido\u2019 por antonomasia durante el largo par\u00e9ntesis franquista, es decir, el PCE, el Partido Comunista de Espa\u00f1a) por el tablero pol\u00edtico se mueven fuerzas \u2018antisistema\u2019 o \u2018independentistas\u2019 m\u00e1s o menos conformes con la Constituci\u00f3n, aunque sea bajo la formalidad del \u00abpor imperativo legal\u00bb.<br \/>\nNo s\u00e9 si debido a aquella \u00absituaci\u00f3n moderada\u00bb que se viv\u00eda en los primeros a\u00f1os de la Transici\u00f3n o debido al car\u00e1cter c\u00edclico de la historia, el caso es que la moci\u00f3n de censura del 13-J ha tenido algo de movimiento en bucle y tr\u00e1nsito por el t\u00fanel del tiempo. O eso me ha parecido a m\u00ed.<br \/>\nOyendo a Pablo Iglesias (y sobre todo a Irene Montero) creo que no hemos regresado al 15-J de 1977 sino al 15-M de 2011; es decir, al movimiento de los indignados. Supongo que nadie con dos dedos de frente y algo de coraz\u00f3n negar\u00e1 lo acertado que resulta el diagn\u00f3stico que hicieron acerca de la corrupci\u00f3n y el capitalismo de las \u2018\u00e9lites extractivas\u2019 consustancial a la \u2018casta\u2019. Pero compartir el diagn\u00f3stico no quiere decir que se compartan las soluciones. Al contrario. Buena parte de los ciudadanos se solidarizan con las protestas pero discrepan, y mucho, respecto a los remedios para que aparte de acabar con las pr\u00e1cticas corruptas se arbitren expectativas de progreso razonables. No puede ser, como sostiene el adagio popular, que acabe costando m\u00e1s el collar que el perro&#8230;<br \/>\nLa moci\u00f3n de censura creo que ha aportado escasas novedades. Si en la vida hay trenes que solo pasan una vez, acaso la principal constataci\u00f3n que habr\u00e1 hecho ya Pablo Iglesias es que tuvo la oportunidad de subirse a ese tren \u2013ali\u00e1ndose con el PSOE y Ciudadanos\u2013 pero prefiri\u00f3 dejarlo pasar y \u00e9l sabr\u00e1 las razones.<\/p>\n<!-- AddThis Advanced Settings generic via filter on the_content --><!-- AddThis Share Buttons generic via filter on the_content -->","protected":false},"excerpt":{"rendered":"<p>Ahora\u00a0que de casi todo hace ya veinte a\u00f1os, que dec\u00eda Jaime Gil de Biedma, resulta que de las primeras elecciones libres de la etapa democr\u00e1tica no hace veinte sino cuarenta, que ya son a\u00f1os. La ruleta del calendario ha bordeado otra carambola: emparejar aquel 15-J inici\u00e1tico e ilusionante con este 13-J terminal y previsible en [&hellip;]<!-- AddThis Advanced Settings generic via filter on get_the_excerpt --><!-- AddThis Share Buttons generic via filter on get_the_excerpt --><\/p>\n","protected":false},"author":13,"featured_media":0,"comment_status":"open","ping_status":"closed","sticky":false,"template":"","format":"standard","meta":[],"categories":[1],"tags":[1446,319,422,1447,802,1445,945,1015,1281],"_links":{"self":[{"href":"https:\/\/blogs.hoy.es\/Juandomingofernandez\/wp-json\/wp\/v2\/posts\/674"}],"collection":[{"href":"https:\/\/blogs.hoy.es\/Juandomingofernandez\/wp-json\/wp\/v2\/posts"}],"about":[{"href":"https:\/\/blogs.hoy.es\/Juandomingofernandez\/wp-json\/wp\/v2\/types\/post"}],"author":[{"embeddable":true,"href":"https:\/\/blogs.hoy.es\/Juandomingofernandez\/wp-json\/wp\/v2\/users\/13"}],"replies":[{"embeddable":true,"href":"https:\/\/blogs.hoy.es\/Juandomingofernandez\/wp-json\/wp\/v2\/comments?post=674"}],"version-history":[{"count":4,"href":"https:\/\/blogs.hoy.es\/Juandomingofernandez\/wp-json\/wp\/v2\/posts\/674\/revisions"}],"predecessor-version":[{"id":678,"href":"https:\/\/blogs.hoy.es\/Juandomingofernandez\/wp-json\/wp\/v2\/posts\/674\/revisions\/678"}],"wp:attachment":[{"href":"https:\/\/blogs.hoy.es\/Juandomingofernandez\/wp-json\/wp\/v2\/media?parent=674"}],"wp:term":[{"taxonomy":"category","embeddable":true,"href":"https:\/\/blogs.hoy.es\/Juandomingofernandez\/wp-json\/wp\/v2\/categories?post=674"},{"taxonomy":"post_tag","embeddable":true,"href":"https:\/\/blogs.hoy.es\/Juandomingofernandez\/wp-json\/wp\/v2\/tags?post=674"}],"curies":[{"name":"wp","href":"https:\/\/api.w.org\/{rel}","templated":true}]}}