{"id":679,"date":"2017-06-22T20:21:22","date_gmt":"2017-06-22T19:21:22","guid":{"rendered":"http:\/\/blogs.hoy.es\/Juandomingofernandez\/?p=679"},"modified":"2017-06-22T20:21:22","modified_gmt":"2017-06-22T19:21:22","slug":"de-la-inteligencia-y-la-astucia","status":"publish","type":"post","link":"https:\/\/blogs.hoy.es\/Juandomingofernandez\/2017\/06\/22\/de-la-inteligencia-y-la-astucia\/","title":{"rendered":"De la inteligencia y la astucia"},"content":{"rendered":"<p>Las\u00a0investigaciones sobre el desarrollo de la inteligencia incluyen campos tan distintos como el de la inteligencia artificial y la gen\u00e9tica. El propio concepto de inteligencia es complejo y poli\u00e9drico. En realidad no cabe hablar de una sola inteligencia sino de varias. De hecho los cient\u00edficos sostienen que existen al menos doce \u2018inteligencias\u2019 distintas, entre ellas la inteligencia ling\u00fc\u00edstica, la l\u00f3gico-matem\u00e1tica, la espacial, la musical, la emocional, la intrapersonal, la interpersonal, la colaborativa&#8230;<br \/>\nPercibida como un valor caracter\u00edstico de la \u2018mente\u2019 y opuesto al \u2018coraz\u00f3n\u2019, a la inteligencia solemos vincularla con la frialdad, la reflexi\u00f3n o el rigor frente a la pasi\u00f3n de lo sentimental y espont\u00e1neo, frente a esa efervescencia que resume el adjetivo \u2018rom\u00e1ntico\u2019. De ah\u00ed que a trav\u00e9s de la historia el prestigio del concepto \u2018inteligencia\u2019 haya fluctuado como los valores en la bolsa. De la Rochefoucauld advierte que \u00abtodo el mundo se queja de su memoria, pero nadie de su inteligencia\u00bb, que a m\u00ed me parece adem\u00e1s de una aguda observaci\u00f3n psicol\u00f3gica un compendio (guas\u00f3n) de experiencia hist\u00f3rica.<br \/>\nY m\u00e1s de veinte siglos antes uno de los siete sabios griegos sentenciaba: \u00abEl deseo de lo imposible es una enfermedad de la inteligencia\u00bb, que tambi\u00e9n se nos revela como una f\u00f3rmula breve y sentenciosa para incitarnos a la reflexi\u00f3n realista, racional, quiz\u00e1s estoica.<br \/>\nOtra idea muy extendida en el imaginario colectivo respecto a la inteligencia es que reconocerla en los dem\u00e1s exige que uno mismo la posea. Es decir, una variaci\u00f3n del principio te\u00f3rico seg\u00fan el cual \u00fanicamente los iguales se reconocen entre s\u00ed. Goethe lo formul\u00f3 tambi\u00e9n con pocas palabras: \u00abtodas las inteligencias son invisibles para el que no tiene inteligencia \u00e9l mismo\u00bb.<br \/>\nEn la vida cotidiana casi todos conocemos ejemplos en los que antes de calificar a una persona de \u2018inteligente\u2019 preferimos definirla como \u2018lista\u2019. Es una manera de matizar y tambi\u00e9n de rebajar el valor del concepto \u2018inteligencia\u2019, revestido de atribuciones positivas, encomiables, frente al de \u2018listeza\u2019, vinculado con aspectos como ego\u00edsmo, ambici\u00f3n, inter\u00e9s, avidez&#8230; En el mundo de la pol\u00edtica (y conste que no deseo hablar de ning\u00fan pol\u00edtico en concreto) los ejemplos de \u2018listos\u2019 frente a los \u2018inteligentes\u2019 seguro que dar\u00edan para completar una enciclopedia.<br \/>\nMe temo que una de las fatalidades de las pol\u00edticas populistas que ensombrecen el porvenir es la abundancia de listos frente a inteligentes. Y m\u00e1s que listos, profesionales de la astucia, es decir, del maniobrerismo, de esa mediocridad que busca ganar batallas inmediatas porque en el fondo no conf\u00edan en su capacidad para ganar la guerra&#8230;<br \/>\nLo terrible de las pol\u00edticas populistas no es su falta de respeto a la verdad (desde las mentiras del \u2018brexit\u2019 hasta los tuits de Trump; desde la hipocres\u00eda de los dirigentes independentistas catalanes hasta las manipulaciones del r\u00e9gimen chavista o de Le Pen en Francia) lo descorazonador son las propuestas endebles y la abundancia de contradicciones. El porvenir concebido como una pol\u00edtica de gestos contada por un astuto lleno de ruido y de furia.<\/p>\n<!-- AddThis Advanced Settings generic via filter on the_content --><!-- AddThis Share Buttons generic via filter on the_content -->","protected":false},"excerpt":{"rendered":"<p>Las\u00a0investigaciones sobre el desarrollo de la inteligencia incluyen campos tan distintos como el de la inteligencia artificial y la gen\u00e9tica. El propio concepto de inteligencia es complejo y poli\u00e9drico. En realidad no cabe hablar de una sola inteligencia sino de varias. De hecho los cient\u00edficos sostienen que existen al menos doce \u2018inteligencias\u2019 distintas, entre ellas [&hellip;]<!-- AddThis Advanced Settings generic via filter on get_the_excerpt --><!-- AddThis Share Buttons generic via filter on get_the_excerpt --><\/p>\n","protected":false},"author":13,"featured_media":0,"comment_status":"open","ping_status":"closed","sticky":false,"template":"","format":"standard","meta":[],"categories":[1],"tags":[1449,1450,319,518,1448,1015,1024],"_links":{"self":[{"href":"https:\/\/blogs.hoy.es\/Juandomingofernandez\/wp-json\/wp\/v2\/posts\/679"}],"collection":[{"href":"https:\/\/blogs.hoy.es\/Juandomingofernandez\/wp-json\/wp\/v2\/posts"}],"about":[{"href":"https:\/\/blogs.hoy.es\/Juandomingofernandez\/wp-json\/wp\/v2\/types\/post"}],"author":[{"embeddable":true,"href":"https:\/\/blogs.hoy.es\/Juandomingofernandez\/wp-json\/wp\/v2\/users\/13"}],"replies":[{"embeddable":true,"href":"https:\/\/blogs.hoy.es\/Juandomingofernandez\/wp-json\/wp\/v2\/comments?post=679"}],"version-history":[{"count":1,"href":"https:\/\/blogs.hoy.es\/Juandomingofernandez\/wp-json\/wp\/v2\/posts\/679\/revisions"}],"predecessor-version":[{"id":680,"href":"https:\/\/blogs.hoy.es\/Juandomingofernandez\/wp-json\/wp\/v2\/posts\/679\/revisions\/680"}],"wp:attachment":[{"href":"https:\/\/blogs.hoy.es\/Juandomingofernandez\/wp-json\/wp\/v2\/media?parent=679"}],"wp:term":[{"taxonomy":"category","embeddable":true,"href":"https:\/\/blogs.hoy.es\/Juandomingofernandez\/wp-json\/wp\/v2\/categories?post=679"},{"taxonomy":"post_tag","embeddable":true,"href":"https:\/\/blogs.hoy.es\/Juandomingofernandez\/wp-json\/wp\/v2\/tags?post=679"}],"curies":[{"name":"wp","href":"https:\/\/api.w.org\/{rel}","templated":true}]}}