{"id":68,"date":"2007-02-22T23:23:28","date_gmt":"2007-02-22T23:23:28","guid":{"rendered":"http:\/\/blogs.hoy.es\/Juandomingofernandez\/?p=68"},"modified":"2007-02-22T23:23:28","modified_gmt":"2007-02-22T23:23:28","slug":"la-politica-y-olvido","status":"publish","type":"post","link":"https:\/\/blogs.hoy.es\/Juandomingofernandez\/2007\/02\/22\/la-politica-y-olvido\/","title":{"rendered":"La pol\u00edtica y el olvido"},"content":{"rendered":"<p class=\"MsoNormal\"><font face=\"Times New Roman\" size=\"4\">Hab\u00edamos terminado de cenar en casa de un<br \/>\namigo. Una de esas cenas pantagru\u00e9licas, con buen vino, que desaconsejan los<br \/>\nmanuales diet\u00e9ticos pero no la amistad. Quiz\u00e1s pose\u00eddos por el j\u00fabilo de la<br \/>\ncopa y la conversaci\u00f3n que nos torna elocuentes y achispados &nbsp;(lejos a\u00fan las fases peligrosas de exaltaci\u00f3n<br \/>\nde la amistad, negaci\u00f3n de la evidencia y cantos regionales), alguien propuso<br \/>\nun pasatiempo, parecido al juego del Trivial, que nos record\u00f3 la etapa de los<br \/>\ncomentarios de texto. <\/font><\/p>\n<p class=\"MsoNormal\"><font face=\"Times New Roman\" size=\"4\">Hubo citas, pegadas a la actualidad, a<br \/>\nlas que enseguida se les puso cara y nombre. Yo opt\u00e9 por complicar el asunto. Y<br \/>\nles dict\u00e9 la frase: \u00abEsencial en la pol\u00edtica es la flexibilidad y \u00e9l no era<br \/>\nflexible; esencial es el olvido, y \u00e9l no quer\u00eda olvidar\u00bb. \u00bfQui\u00e9n dijo eso? Y<br \/>\n\u00bfrefiri\u00e9ndose a qui\u00e9n?&nbsp; Las respuestas,<br \/>\nvariadas: \u00abBruto, hablando de C\u00e9sar\u00bb, dijo el experto en historia. \u00abPedro Jota<br \/>\nhablando de Gonz\u00e1lez\u00bb, apunt\u00f3 el aficionado a las diatribas medi\u00e1ticas. \u00abPem\u00e1n<br \/>\nrefiri\u00e9ndose a Franco\u00bb, aventur\u00f3 un tercero. \u00abZapatero pensando en Aznar\u00bb,<br \/>\n\u00abAznar pensando en Felipe Gonz\u00e1lez\u00bb, \u00abFelipe Gonz\u00e1lez pensando en Franco\u00bb,<br \/>\n\u00abEsperanza Aguirre pensando en Ruiz Gallard\u00f3n\u00bb. O al rev\u00e9s, no recuerdo con<br \/>\ndetalle.<\/font><\/p>\n<p class=\"MsoNormal\"><font face=\"Times New Roman\" size=\"4\">En el grupo hab\u00eda verdaderos &#8216;cerebritos&#8217;<br \/>\nque citaron despu\u00e9s una ristra de personajes (pol\u00edticos) de todas las \u00e9pocas.<br \/>\nAl cabo de un buen rato, uno de mis amigos acert\u00f3. \u00abEsas palabras est\u00e1n<br \/>\ndedicadas a Felipe II, \u00bfa que s\u00ed?\u00bb, me interrog\u00f3. \u00abS\u00ed\u00bb, le contest\u00e9. \u00abLas<br \/>\nescribi\u00f3 Azor\u00edn en su libro &#8216;Ejercicios de castellano&#8217;, de 1960\u00bb .<\/font><\/p>\n<p class=\"MsoNormal\"><font face=\"Times New Roman\" size=\"4\">Refunfu\u00f1aron. Dijeron que yo era como<br \/>\nesos profesores &#8216;huesos&#8217; que desean suspender a toda la clase. Para negarlo, me<br \/>\nbast\u00f3 con recordar la cantidad de personas, en toda la Historia, a quienes<br \/>\ncuadraban las palabras de Azor\u00edn.<\/font><font face=\"Times New Roman\" size=\"4\"><br \/><\/font><\/p>\n<p class=\"MsoNormal\"><font face=\"Times New Roman\" size=\"4\">Convenimos en tomarnos la pen\u00faltima a la salud<br \/>\ndel gobierno. De todos los gobiernos.<\/font><\/p>\n<!-- AddThis Advanced Settings generic via filter on the_content --><!-- AddThis Share Buttons generic via filter on the_content -->","protected":false},"excerpt":{"rendered":"<p>Hab\u00edamos terminado de cenar en casa de un amigo. Una de esas cenas pantagru\u00e9licas, con buen vino, que desaconsejan los manuales diet\u00e9ticos pero no la amistad. Quiz\u00e1s pose\u00eddos por el j\u00fabilo de la copa y la conversaci\u00f3n que nos torna elocuentes y achispados &nbsp;(lejos a\u00fan las fases peligrosas de exaltaci\u00f3n de la amistad, negaci\u00f3n de [&hellip;]<!-- AddThis Advanced Settings generic via filter on get_the_excerpt --><!-- AddThis Share Buttons generic via filter on get_the_excerpt --><\/p>\n","protected":false},"author":13,"featured_media":0,"comment_status":"open","ping_status":"closed","sticky":false,"template":"","format":"standard","meta":[],"categories":[2],"tags":[],"_links":{"self":[{"href":"https:\/\/blogs.hoy.es\/Juandomingofernandez\/wp-json\/wp\/v2\/posts\/68"}],"collection":[{"href":"https:\/\/blogs.hoy.es\/Juandomingofernandez\/wp-json\/wp\/v2\/posts"}],"about":[{"href":"https:\/\/blogs.hoy.es\/Juandomingofernandez\/wp-json\/wp\/v2\/types\/post"}],"author":[{"embeddable":true,"href":"https:\/\/blogs.hoy.es\/Juandomingofernandez\/wp-json\/wp\/v2\/users\/13"}],"replies":[{"embeddable":true,"href":"https:\/\/blogs.hoy.es\/Juandomingofernandez\/wp-json\/wp\/v2\/comments?post=68"}],"version-history":[{"count":0,"href":"https:\/\/blogs.hoy.es\/Juandomingofernandez\/wp-json\/wp\/v2\/posts\/68\/revisions"}],"wp:attachment":[{"href":"https:\/\/blogs.hoy.es\/Juandomingofernandez\/wp-json\/wp\/v2\/media?parent=68"}],"wp:term":[{"taxonomy":"category","embeddable":true,"href":"https:\/\/blogs.hoy.es\/Juandomingofernandez\/wp-json\/wp\/v2\/categories?post=68"},{"taxonomy":"post_tag","embeddable":true,"href":"https:\/\/blogs.hoy.es\/Juandomingofernandez\/wp-json\/wp\/v2\/tags?post=68"}],"curies":[{"name":"wp","href":"https:\/\/api.w.org\/{rel}","templated":true}]}}