{"id":681,"date":"2017-06-29T20:10:33","date_gmt":"2017-06-29T19:10:33","guid":{"rendered":"http:\/\/blogs.hoy.es\/Juandomingofernandez\/?p=681"},"modified":"2017-06-29T20:10:33","modified_gmt":"2017-06-29T19:10:33","slug":"de-seneca-a-azarias","status":"publish","type":"post","link":"https:\/\/blogs.hoy.es\/Juandomingofernandez\/2017\/06\/29\/de-seneca-a-azarias\/","title":{"rendered":"De S\u00e9neca a Azar\u00edas"},"content":{"rendered":"<p>Me parece que Internet y el universo de las redes sociales se asemeja a los tiempos de los pasquines y de las pintadas. Una \u00e9poca en que el rumor, las medias verdades y la informaci\u00f3n descontextualizada circulaban igual que la moneda de curso legal. En determinadas circunstancias (bajo una feroz censura o un poder absoluto) supongo que los pasquines cumplieron su papel \u2013valga la expresi\u00f3n\u2013 igual que las pintadas en las paredes. Para difundir esl\u00f3ganes nada mejor que un muro, de ladrillo o de Facebook. Que se lo cuenten a los j\u00f3venes de Mayo del 68 cuando ped\u00edan \u00ab\u00a1Levantad los adoquines que debajo est\u00e1 la playa!\u00bb o a esos precursores de Banksy que ironizaron en el Londres de 1975 con otra pintada memorable: \u00abDios no est\u00e1 muerto: est\u00e1 vivo, saludable y trabajando en un proyecto mucho menos ambicioso\u00bb.<br \/>\nEl universo de las redes sociales suscita firmes reticencias porque la informaci\u00f3n que nos llega a trav\u00e9s de nuestras cuentas no suele estar jerarquizada (su car\u00e1cter en un porcentaje alt\u00edsimo es aleatorio, azaroso, circunstancial); puede tratarse de datos no confirmados y para muchos usuarios, adem\u00e1s, las redes sociales \u2018ocupan\u2019 un espacio y un tiempo que no pueden dedicar a otras propuestas informativas o de comunicaci\u00f3n mejor estructuradas, m\u00e1s fiables y rigurosas. Menos l\u00edquidas.<br \/>\nEn mi opini\u00f3n las redes sociales est\u00e1n destinadas a convertirse<br \/>\n\u2013probablemente lo son ya\u2013 en grandes herramientas de entretenimiento y diversi\u00f3n. Muy aptas para la propagaci\u00f3n de memes, chistes, chascarrillos, nimiedades y otros subproductos de bajo coste. Por decirlo como Paco el Bajo en \u2018Los santos inocentes\u2019 cuando disculpaba a su cu\u00f1ado Azar\u00edas: deseng\u00e1\u00f1ese, se\u00f1orito Iv\u00e1n, para la paloma vale pero para la perdiz es corto de entendederas.<br \/>\nUna de las cosas que peor llevo en las redes sociales es la pr\u00e1ctica del machaqueo: esos profesionales del Twitter o del Facebook que se pasan el d\u00eda con el mismo sonsonete. En modo martillo pil\u00f3n o picador de almendrilla. Entusiastas del bombo y de la propaganda a los que jam\u00e1s les entrar\u00eda en la cabeza aquel famoso reproche de Alberto Moravia: \u00abCuriosamente los votantes no se sienten responsables de los fracasos del gobierno que han votado\u00bb.<br \/>\nSin embargo, reconozco que me gusta Internet en general aunque solo sea por lo que ha aportado al mundo de la comunicaci\u00f3n y sus enormes potencialidades. Debo insistir tambi\u00e9n en que mis reticencias respecto a las redes sociales tienen que ver m\u00e1s con el uso furtivo que se hace de ellas que con su car\u00e1cter.<br \/>\nAs\u00ed como S\u00e9neca dec\u00eda al hablar de los vicios que son propios \u00abde los hombres, no de los tiempos\u00bb puede decirse que el problema de las redes sociales no radica en su naturaleza sino en la utilizaci\u00f3n que hacemos de ellas, en el fin al que las destinamos. Aunque sospecho que si S\u00e9neca viviera en el siglo XXI y observara a millones de personas en todo el mundo consultando ensimismadas cada poco tiempo un dispositivo m\u00f3vil, tal vez cambiaba de opini\u00f3n.<\/p>\n<!-- AddThis Advanced Settings generic via filter on the_content --><!-- AddThis Share Buttons generic via filter on the_content -->","protected":false},"excerpt":{"rendered":"<p>Me parece que Internet y el universo de las redes sociales se asemeja a los tiempos de los pasquines y de las pintadas. Una \u00e9poca en que el rumor, las medias verdades y la informaci\u00f3n descontextualizada circulaban igual que la moneda de curso legal. En determinadas circunstancias (bajo una feroz censura o un poder absoluto) [&hellip;]<!-- AddThis Advanced Settings generic via filter on get_the_excerpt --><!-- AddThis Share Buttons generic via filter on get_the_excerpt --><\/p>\n","protected":false},"author":13,"featured_media":0,"comment_status":"open","ping_status":"closed","sticky":false,"template":"","format":"standard","meta":[],"categories":[1],"tags":[1451,422,624,638,987,1015,1054,1087,1173],"_links":{"self":[{"href":"https:\/\/blogs.hoy.es\/Juandomingofernandez\/wp-json\/wp\/v2\/posts\/681"}],"collection":[{"href":"https:\/\/blogs.hoy.es\/Juandomingofernandez\/wp-json\/wp\/v2\/posts"}],"about":[{"href":"https:\/\/blogs.hoy.es\/Juandomingofernandez\/wp-json\/wp\/v2\/types\/post"}],"author":[{"embeddable":true,"href":"https:\/\/blogs.hoy.es\/Juandomingofernandez\/wp-json\/wp\/v2\/users\/13"}],"replies":[{"embeddable":true,"href":"https:\/\/blogs.hoy.es\/Juandomingofernandez\/wp-json\/wp\/v2\/comments?post=681"}],"version-history":[{"count":1,"href":"https:\/\/blogs.hoy.es\/Juandomingofernandez\/wp-json\/wp\/v2\/posts\/681\/revisions"}],"predecessor-version":[{"id":682,"href":"https:\/\/blogs.hoy.es\/Juandomingofernandez\/wp-json\/wp\/v2\/posts\/681\/revisions\/682"}],"wp:attachment":[{"href":"https:\/\/blogs.hoy.es\/Juandomingofernandez\/wp-json\/wp\/v2\/media?parent=681"}],"wp:term":[{"taxonomy":"category","embeddable":true,"href":"https:\/\/blogs.hoy.es\/Juandomingofernandez\/wp-json\/wp\/v2\/categories?post=681"},{"taxonomy":"post_tag","embeddable":true,"href":"https:\/\/blogs.hoy.es\/Juandomingofernandez\/wp-json\/wp\/v2\/tags?post=681"}],"curies":[{"name":"wp","href":"https:\/\/api.w.org\/{rel}","templated":true}]}}