{"id":683,"date":"2017-07-06T18:37:00","date_gmt":"2017-07-06T17:37:00","guid":{"rendered":"http:\/\/blogs.hoy.es\/Juandomingofernandez\/?p=683"},"modified":"2017-07-06T18:37:00","modified_gmt":"2017-07-06T17:37:00","slug":"a-miguel-angel-blanco-en-el-recuerdo","status":"publish","type":"post","link":"https:\/\/blogs.hoy.es\/Juandomingofernandez\/2017\/07\/06\/a-miguel-angel-blanco-en-el-recuerdo\/","title":{"rendered":"A Miguel \u00c1ngel Blanco, en el recuerdo"},"content":{"rendered":"<p>La semana que viene se cumplen 20 a\u00f1os del asesinato de Miguel \u00c1ngel Blanco a manos de ETA. Yo recuerdo muy bien aquellos momentos del s\u00e1bado 12 de julio de 1997 porque ese fin de semana estaba trabajando y cuando el joven concejal de Ermua se encontraba todav\u00eda entre la vida y la muerte me puse a teclear un art\u00edculo para la secci\u00f3n que durante a\u00f1os firm\u00e9 con el seud\u00f3nimo de Trist\u00e1n Buend\u00eda en las p\u00e1ginas de HOY de C\u00e1ceres. En aquel art\u00edculo, titulado \u00abCabezazos contra el muro de la historia\u00bb, no solo defend\u00eda el valor de la palabra para el progreso humano frente al se\u00f1uelo de la violencia que consagra la sentencia de Marx: \u00abLa violencia es la partera de la historia\u00bb; en aquel art\u00edculo contaba precisamente c\u00f3mo la gente de bien de la ciudad al conocerse por la tarde la barbarie de ETA era capaz de sobreponerse a la indignaci\u00f3n y al \u2018natural\u2019 instinto de venganza, conscientes de que sucumbir a la tentaci\u00f3n de una respuesta \u2018impulsiva\u2019 ser\u00eda volver atr\u00e1s y otra forma de hacerles el juego a los terroristas.<br \/>\nEl secuestro y asesinato de Miguel \u00c1ngel Blanco se produc\u00eda apenas una semana despu\u00e9s de que la Guardia Civil liberase al funcionario de prisiones Ortega Lara tras permanecer 532 d\u00edas dentro de un zulo. La ETA acus\u00f3 el golpe de aquella brillante liberaci\u00f3n y busc\u00f3 un golpe de efecto f\u00e1cil en la figura del concejal Miguel \u00c1ngel Blanco.<br \/>\nMe parece que es importante no perder la perspectiva. En 1997 la sociedad observaba a ETA sobre todo con miedo y desprecio. Pero por otra parte la vida continuaba con la precisi\u00f3n que impone la naturaleza, la rutina y esa cierta indiferencia que suscitan los problemas que no nos afectan demasiado de cerca&#8230;<br \/>\nEn aquella \u00e9poca por ejemplo a\u00fan exist\u00eda el servicio militar obligatorio, la famosa mili, y como cualquier s\u00e1bado previo a la jura de bandera en el Cimov n\u00ba 1, la ciudad se llenaba de reclutas y familiares que aprovechaban la tarde del 12 de julio de 1997 paseando felices y ajenos a la tragedia. \u00abEsa imagen de normalidad\u00bb, escrib\u00ed entonces \u00abcontribu\u00eda m\u00e1s a\u00fan a subrayar lo absurdo de las acciones de ETA, instalada en la \u2018irrealidad\u2019 de unos presos, v\u00edctimas a su vez de ese torbellino infeliz que ellos han alimentado, y de una minor\u00eda tozuda que se empe\u00f1a en dar chocazos con su cabeza contra el muro de la realidad, de la historia, de la libertad, de la justicia, del progreso y, lo que es peor para ellos, contra el muro de la inteligencia. No s\u00f3lo son menos sino que adem\u00e1s son m\u00e1s torpes. La historia, que es inexorable, les pasar\u00e1 factura\u00bb.<br \/>\nLo que ocurri\u00f3 despu\u00e9s es de sobra conocido. El punto de inflexi\u00f3n que supuso el asesinato de Miguel \u00c1ngel Blanco desat\u00f3 una oleada de indignaci\u00f3n y protestas en toda Espa\u00f1a como no se hab\u00edan vivido antes. A los historiadores les corresponde fijar y analizar la trascendencia de aquella dram\u00e1tica muerte.<br \/>\nEn mi caso, si vuelvo la mirada a ese s\u00e1bado de julio de 20 a\u00f1os atr\u00e1s, lo primero que constato es el valor de la palabra como elemento esencial de progreso, como \u00fanica arma de la historia \u2013lejos de cualquier quijada de burro\u2013 para los hombres que aspiran a vivir en sociedad.<\/p>\n<!-- AddThis Advanced Settings generic via filter on the_content --><!-- AddThis Share Buttons generic via filter on the_content -->","protected":false},"excerpt":{"rendered":"<p>La semana que viene se cumplen 20 a\u00f1os del asesinato de Miguel \u00c1ngel Blanco a manos de ETA. Yo recuerdo muy bien aquellos momentos del s\u00e1bado 12 de julio de 1997 porque ese fin de semana estaba trabajando y cuando el joven concejal de Ermua se encontraba todav\u00eda entre la vida y la muerte me [&hellip;]<!-- AddThis Advanced Settings generic via filter on get_the_excerpt --><!-- AddThis Share Buttons generic via filter on get_the_excerpt --><\/p>\n","protected":false},"author":13,"featured_media":0,"comment_status":"open","ping_status":"closed","sticky":false,"template":"","format":"standard","meta":[],"categories":[1],"tags":[284,319,422,440,578,843,1452,1198,1249,1453,1340],"_links":{"self":[{"href":"https:\/\/blogs.hoy.es\/Juandomingofernandez\/wp-json\/wp\/v2\/posts\/683"}],"collection":[{"href":"https:\/\/blogs.hoy.es\/Juandomingofernandez\/wp-json\/wp\/v2\/posts"}],"about":[{"href":"https:\/\/blogs.hoy.es\/Juandomingofernandez\/wp-json\/wp\/v2\/types\/post"}],"author":[{"embeddable":true,"href":"https:\/\/blogs.hoy.es\/Juandomingofernandez\/wp-json\/wp\/v2\/users\/13"}],"replies":[{"embeddable":true,"href":"https:\/\/blogs.hoy.es\/Juandomingofernandez\/wp-json\/wp\/v2\/comments?post=683"}],"version-history":[{"count":1,"href":"https:\/\/blogs.hoy.es\/Juandomingofernandez\/wp-json\/wp\/v2\/posts\/683\/revisions"}],"predecessor-version":[{"id":684,"href":"https:\/\/blogs.hoy.es\/Juandomingofernandez\/wp-json\/wp\/v2\/posts\/683\/revisions\/684"}],"wp:attachment":[{"href":"https:\/\/blogs.hoy.es\/Juandomingofernandez\/wp-json\/wp\/v2\/media?parent=683"}],"wp:term":[{"taxonomy":"category","embeddable":true,"href":"https:\/\/blogs.hoy.es\/Juandomingofernandez\/wp-json\/wp\/v2\/categories?post=683"},{"taxonomy":"post_tag","embeddable":true,"href":"https:\/\/blogs.hoy.es\/Juandomingofernandez\/wp-json\/wp\/v2\/tags?post=683"}],"curies":[{"name":"wp","href":"https:\/\/api.w.org\/{rel}","templated":true}]}}