{"id":69,"date":"2007-03-06T00:27:54","date_gmt":"2007-03-06T00:27:54","guid":{"rendered":"http:\/\/blogs.hoy.es\/Juandomingofernandez\/?p=69"},"modified":"2007-03-06T00:27:54","modified_gmt":"2007-03-06T00:27:54","slug":"cosecha-exitos","status":"publish","type":"post","link":"https:\/\/blogs.hoy.es\/Juandomingofernandez\/2007\/03\/06\/cosecha-exitos\/","title":{"rendered":"Cosecha de \u00e9xitos"},"content":{"rendered":"<div align=\"left\">\n<div align=\"left\">\n<pre><font face=\"Times New Roman\" size=\"4\">A\u00f1os atr\u00e1s, hace exactamente 2.364 d\u00edas, el 14 de septiembre<br>de 1999, Trist\u00e1n Buend\u00eda escribi\u00f3 en su secci\u00f3n 'El alambique'<br>de HOY una columna con el t\u00edtulo 'Gabo, muchos a\u00f1os despu\u00e9s'.<br>El punto de partida era una noticia, fechada en Los \u00c1ngeles, <br>seg\u00fan la cual Gabriel Garc\u00eda M\u00e1rquez sufr\u00eda un c\u00e1ncer linf\u00e1tico <br>\u00abde baja intensidad\u00bb por el que se le hab\u00eda hospitalizado en <br>esa ciudad norteamericana. <br>   La cronolog\u00eda -y supongo que los buenos tratamientos m\u00e9dicos- <br>han desmentido la gravedad de aquella enfermedad y helo aqu\u00ed, <br>en el mundo de los vivos, dispuesto no s\u00f3lo a festejar este bot\u00edn <br>de aniversarios (sus 80 a\u00f1os de edad, que cumple hoy, los 40 de la <br>publicaci\u00f3n de 'Cien a\u00f1os de soledad' y los 25 del Premio Nobel <br>de Literatura) sino con br\u00edo para anunciar la segunda parte de sus <br>memorias y recibir otro homenaje especial durante el inminente Congreso <br>Internacional de la Lengua Espa\u00f1ola, en Cartagena de Indias. <br>   He contado varias veces que para m\u00ed la lectura de 'Cien a\u00f1os <br>de soledad' (que devor\u00e9, literalmente, dos veces seguidas: lo que es <br>terminar y empezar de nuevo, la segunda con la precauci\u00f3n <br>de ir levantando un \u00e1rbol geneal\u00f3gico de los personajes <br>para facilitarle el tr\u00e1nsito a futuros lectores), dec\u00eda <br>que su lectura fue como traspasar otra dimensi\u00f3n, imagino <br>que bastante similar a la que el propio Garc\u00eda M\u00e1rquez tuvo <br>al descubrir 'La metamorfosis' de Kafka, uno de esos hallazgos <br>nutricios que equivalen a un cataclismo en la educaci\u00f3n sentimental.<br>   De todas formas, la admiraci\u00f3n por Garc\u00eda M\u00e1rquez nunca me ha empujado <br>a imitarle, salvo en la asunci\u00f3n (\u00edntima) de una de sus frases c\u00e9lebres, que <br>convertir\u00eda en lema: \u00abSoy escritor por timidez. Mi verdadera vocaci\u00f3n es <br>la de prestidigitador, pero me ofusco tanto tratando de hacer un truco, <br>que he tenido que refugiarme en la soledad de la literatura<\/font><font face=\"Times New Roman\" size=\"4\"><font face=\"Times New Roman\">\u00bb<\/font>.<\/font><\/pre>\n<\/div>\n<\/div>\n<!-- AddThis Advanced Settings generic via filter on the_content --><!-- AddThis Share Buttons generic via filter on the_content -->","protected":false},"excerpt":{"rendered":"<p>A\u00f1os atr\u00e1s, hace exactamente 2.364 d\u00edas, el 14 de septiembrede 1999, Trist\u00e1n Buend\u00eda escribi\u00f3 en su secci\u00f3n &#8216;El alambique&#8217;de HOY una columna con el t\u00edtulo &#8216;Gabo, muchos a\u00f1os despu\u00e9s&#8217;.El punto de partida era una noticia, fechada en Los \u00c1ngeles, seg\u00fan la cual Gabriel Garc\u00eda M\u00e1rquez sufr\u00eda un c\u00e1ncer linf\u00e1tico \u00abde baja intensidad\u00bb por el que [&hellip;]<!-- AddThis Advanced Settings generic via filter on get_the_excerpt --><!-- AddThis Share Buttons generic via filter on get_the_excerpt --><\/p>\n","protected":false},"author":13,"featured_media":0,"comment_status":"open","ping_status":"closed","sticky":false,"template":"","format":"standard","meta":[],"categories":[2],"tags":[],"_links":{"self":[{"href":"https:\/\/blogs.hoy.es\/Juandomingofernandez\/wp-json\/wp\/v2\/posts\/69"}],"collection":[{"href":"https:\/\/blogs.hoy.es\/Juandomingofernandez\/wp-json\/wp\/v2\/posts"}],"about":[{"href":"https:\/\/blogs.hoy.es\/Juandomingofernandez\/wp-json\/wp\/v2\/types\/post"}],"author":[{"embeddable":true,"href":"https:\/\/blogs.hoy.es\/Juandomingofernandez\/wp-json\/wp\/v2\/users\/13"}],"replies":[{"embeddable":true,"href":"https:\/\/blogs.hoy.es\/Juandomingofernandez\/wp-json\/wp\/v2\/comments?post=69"}],"version-history":[{"count":0,"href":"https:\/\/blogs.hoy.es\/Juandomingofernandez\/wp-json\/wp\/v2\/posts\/69\/revisions"}],"wp:attachment":[{"href":"https:\/\/blogs.hoy.es\/Juandomingofernandez\/wp-json\/wp\/v2\/media?parent=69"}],"wp:term":[{"taxonomy":"category","embeddable":true,"href":"https:\/\/blogs.hoy.es\/Juandomingofernandez\/wp-json\/wp\/v2\/categories?post=69"},{"taxonomy":"post_tag","embeddable":true,"href":"https:\/\/blogs.hoy.es\/Juandomingofernandez\/wp-json\/wp\/v2\/tags?post=69"}],"curies":[{"name":"wp","href":"https:\/\/api.w.org\/{rel}","templated":true}]}}