{"id":695,"date":"2017-08-03T21:02:52","date_gmt":"2017-08-03T20:02:52","guid":{"rendered":"http:\/\/blogs.hoy.es\/Juandomingofernandez\/?p=695"},"modified":"2017-08-03T21:07:53","modified_gmt":"2017-08-03T20:07:53","slug":"del-consul-burlon-y-ozu-con-el-facebook","status":"publish","type":"post","link":"https:\/\/blogs.hoy.es\/Juandomingofernandez\/2017\/08\/03\/del-consul-burlon-y-ozu-con-el-facebook\/","title":{"rendered":"Del c\u00f3nsul burl\u00f3n y oz\u00fa con el Facebook"},"content":{"rendered":"<p>La destituci\u00f3n fulminante del c\u00f3nsul espa\u00f1ol en Washington por mofarse del acento andaluz y de Susana D\u00edaz me recuerda aquella humorada de \u00abno me importa que fume si a usted no le importa que le vomite encima\u00bb. La justicia po\u00e9tica de la reciprocidad.<br \/>\nYa saben la historia: con motivo de la visita de la Reina a M\u00e1laga el pasado 20 de julio el diplom\u00e1tico puso en su Facebook (solo para sus amigos) un post ridiculizando el habla andaluza y a la presidenta de la Junta de Andaluc\u00eda: \u00abHay q ver q ozadia y mar gusto la de la susi, mira que ponerse igual que letirzia, cmo se ve ke n sabe na de protoculo ella tan der pueblo y de izquieida. Nos ha hecho quedar fat\u00e1 a los andaluse dimicion ya\u00bb.<br \/>\nPocas horas despu\u00e9s y tras haber exigido la Junta la reprobaci\u00f3n por el comentario en la red social, el ministro de Exteriores, Alfonso Dastis, destituy\u00f3 de inmediato a Enrique Sard\u00e1 Valls como c\u00f3nsul en Washington. Donde las dan las toman.<br \/>\nReniego del falaz argumento de que el ya exc\u00f3nsul tiene derecho a t\u00edtulo personal de mofarse de quien quiera aunque no le asista ese derecho cuando lo hace en su condici\u00f3n de responsable p\u00fablico. A m\u00ed me parece que lo alarmante de verdad no es que la mofa y el escarnio la cometan un alba\u00f1il, un taxista o un diplom\u00e1tico; lo alarmante no es que la perpetre fulanito de tal o menganito de cual sino que se efect\u00fae a trav\u00e9s de las redes sociales. Aqu\u00ed el medio tambi\u00e9n es el mensaje. Y la condici\u00f3n de responsable p\u00fablico un mero agravante.<br \/>\nAs\u00ed que la pregunta no es \u00bfd\u00f3nde hemos llegado que hasta los servidores p\u00fablicos se mofan de forma improcedente de las autoridades o representantes del Estado? La pregunta ser\u00eda \u00bfd\u00f3nde hemos llegado que hasta los servidores p\u00fablicos utilizan las redes sociales para burlarse en p\u00fablico?<br \/>\nMi buen Yorick convendr\u00e1 conmigo que tras el ejemplo de Donald Trump en lo relativo a redes sociales, la parodia supuestamente desenfadada del exc\u00f3nsul en Washington se queda casi en travesura infantil. Sin embargo lo alarmante ser\u00eda aceptar como referencia o precedente v\u00e1lido ese tipo de exabruptos, tales comportamientos indebidos en las redes sociales. Ya se sabe que las redes son un alba\u00f1al, una cloaca, pero han llegado para quedarse. Por esa raz\u00f3n especialmente, porque han venido para quedarse y no constituyen un fen\u00f3meno ef\u00edmero es preciso conocer sus posibilidades y sus peligros.<br \/>\nSe ha repetido mil veces: las redes son un instrumento, una herramienta, y como tales no cabe juzgarlas \u2018malas\u2019 o \u2018buenas\u2019 en s\u00ed; depende del uso que hagamos de ellas. Una pared de la calle puede servirnos para fijar anuncios \u00fatiles o hacer pintadas insultantes. Con las cuentas de Facebook y Twitter ocurre igual. Tal vez sea cuesti\u00f3n de tiempo. Visto as\u00ed, la destituci\u00f3n fulminante del c\u00f3nsul contribuya a diluir la fatal sensaci\u00f3n de impunidad en Internet. Quien la hace la paga.<\/p>\n<!-- AddThis Advanced Settings generic via filter on the_content --><!-- AddThis Share Buttons generic via filter on the_content -->","protected":false},"excerpt":{"rendered":"<p>La destituci\u00f3n fulminante del c\u00f3nsul espa\u00f1ol en Washington por mofarse del acento andaluz y de Susana D\u00edaz me recuerda aquella humorada de \u00abno me importa que fume si a usted no le importa que le vomite encima\u00bb. La justicia po\u00e9tica de la reciprocidad. Ya saben la historia: con motivo de la visita de la Reina [&hellip;]<!-- AddThis Advanced Settings generic via filter on get_the_excerpt --><!-- AddThis Share Buttons generic via filter on get_the_excerpt --><\/p>\n","protected":false},"author":13,"featured_media":0,"comment_status":"open","ping_status":"closed","sticky":false,"template":"","format":"standard","meta":[],"categories":[1],"tags":[1465,1463,1462,1459,1466,1460,422,594,1087,1464,1461],"_links":{"self":[{"href":"https:\/\/blogs.hoy.es\/Juandomingofernandez\/wp-json\/wp\/v2\/posts\/695"}],"collection":[{"href":"https:\/\/blogs.hoy.es\/Juandomingofernandez\/wp-json\/wp\/v2\/posts"}],"about":[{"href":"https:\/\/blogs.hoy.es\/Juandomingofernandez\/wp-json\/wp\/v2\/types\/post"}],"author":[{"embeddable":true,"href":"https:\/\/blogs.hoy.es\/Juandomingofernandez\/wp-json\/wp\/v2\/users\/13"}],"replies":[{"embeddable":true,"href":"https:\/\/blogs.hoy.es\/Juandomingofernandez\/wp-json\/wp\/v2\/comments?post=695"}],"version-history":[{"count":2,"href":"https:\/\/blogs.hoy.es\/Juandomingofernandez\/wp-json\/wp\/v2\/posts\/695\/revisions"}],"predecessor-version":[{"id":697,"href":"https:\/\/blogs.hoy.es\/Juandomingofernandez\/wp-json\/wp\/v2\/posts\/695\/revisions\/697"}],"wp:attachment":[{"href":"https:\/\/blogs.hoy.es\/Juandomingofernandez\/wp-json\/wp\/v2\/media?parent=695"}],"wp:term":[{"taxonomy":"category","embeddable":true,"href":"https:\/\/blogs.hoy.es\/Juandomingofernandez\/wp-json\/wp\/v2\/categories?post=695"},{"taxonomy":"post_tag","embeddable":true,"href":"https:\/\/blogs.hoy.es\/Juandomingofernandez\/wp-json\/wp\/v2\/tags?post=695"}],"curies":[{"name":"wp","href":"https:\/\/api.w.org\/{rel}","templated":true}]}}