{"id":698,"date":"2017-08-10T23:49:46","date_gmt":"2017-08-10T22:49:46","guid":{"rendered":"http:\/\/blogs.hoy.es\/Juandomingofernandez\/?p=698"},"modified":"2017-08-10T23:53:15","modified_gmt":"2017-08-10T22:53:15","slug":"la-felicidad-y-el-futuro","status":"publish","type":"post","link":"https:\/\/blogs.hoy.es\/Juandomingofernandez\/2017\/08\/10\/la-felicidad-y-el-futuro\/","title":{"rendered":"La felicidad y el futuro"},"content":{"rendered":"<p class=\"x_MsoNormal\"><span lang=\"ES-TRAD\">Dice el psiquiatra Luis Rojas Marcos en una entrevista que le hace \u00cd\u00f1igo Dom\u00ednguez en \u2018El Pa\u00eds\u2019 que el ser humano est\u00e1 programado para el optimismo y que esa es la mejor herramienta para afrontar el discurso del miedo tan vigente en nuestro tiempo. Poco d\u00edas antes, en otra entrevista de V\u00edctor M. Amela en \u2018La Vanguardia\u2019, Ch\u00f6kyi Nyima Rimpoch\u00e9, monje y maestro de budismo tibetano en Nepal afirmaba que la bondad es la base de la felicidad y la salud. Y descend\u00eda a los detalles: \u00abLa \u00fanica pol\u00edtica justa ser\u00e1 la basada en la bondad. Un pol\u00edtico bondadoso, que ame al otro, jam\u00e1s ser\u00e1 injusto ni corrupto\u00bb. Es decir, la felicidad como un estado al que se llega cuando sabes apreciar lo que tienes, a trav\u00e9s de la calma y la \u2018bondad plena\u2019 que equivalen a \u00abquerer lo mejor para el otro, regocijarte de sus \u00e9xitos y felicidad\u00bb. <\/span><\/p>\n<p class=\"x_MsoNormal\"><span lang=\"ES-TRAD\">Reconozco que no siento particular inclinaci\u00f3n por la literatura de autoayuda ni por esas filosof\u00edas multirremedios de manual. Pero es curioso, Rojas Marcos no se limita a enunciar una frase bonita, relaciona por ejemplo la importancia que tiene en Estados Unidos esa condici\u00f3n optimista frente a Europa, \u2013m\u00e1s proclives a la \u00abcultura de la queja\u00bb\u2013 en las tasas de suicidios: mientras en Europa siempre se sit\u00faan entre un 8 o un 9 por 100.000, en los \u2018optimistas\u2019 y \u2018felices\u2019 USA esas tasas no aumentan. El valor antropol\u00f3gico de la felicidad.<\/span><\/p>\n<p class=\"x_MsoNormal\"><span lang=\"ES-TRAD\">En el caso del monje budista, su lecci\u00f3n me resulta tan familiar como la gran recomendaci\u00f3n cristiana: \u00abama a tu pr\u00f3jimo\u00bb, o todas las tesis vinculadas a la felicidad (eterna) que se contienen en las bienaventuranzas.<\/span><\/p>\n<p class=\"x_MsoNormal\"><span lang=\"ES-TRAD\">Cuando releo una de las frases de Ch\u00f6kyi Nyima Rimpoch\u00e9: \u00abLa \u00fanica pol\u00edtica justa ser\u00e1 la basada en la bondad. Un pol\u00edtico bondadoso, que ame al otro, jam\u00e1s ser\u00e1 injusto ni corrupto\u00bb&#8230;\u00a0 confieso sin embargo que enseguida esbozo una sonrisa no tanto porque descrea de la tesis sino porque imagino a cualquier estratega electoral de Espa\u00f1a recetando a sus huestes la medicina de la bondad con el adversario. Y la sonrisa asciende a carcajada si busco mentalmente alg\u00fan ejemplo que pruebe de forma emp\u00edrica la recomendaci\u00f3n del tibetano&#8230; <\/span><\/p>\n<p class=\"x_MsoNormal\"><span lang=\"ES-TRAD\">Probablemente la relaci\u00f3n entre felicidad y optimismo y entre bondad y felicidad est\u00e9 ya siendo reformulada por la ciencia a trav\u00e9s de alg\u00fan algoritmo que nos alegrar\u00e1 la existencia, sin necesidad de psiquiatras o de monjes budistas\u2026 Alg\u00fan programa o alguna aplicaci\u00f3n que nos redirija, como el GPS del esp\u00edritu, hacia modos de vida placenteros: un pa\u00eds pongamos por caso donde los j\u00f3venes obligados a marcharse por la crisis puedan regresar sin sucumbir en los \u2018trabajos basura\u2019; un pa\u00eds donde el cambio clim\u00e1tico no sea considerado una \u2018posverdad\u2019; donde los populismos tengan fecha de caducidad; donde no haya crisis de crecimiento; donde el futuro no lo escriban las grandes plataformas tecnol\u00f3gicas. Un futuro en el que Trump o el l\u00edder norcoreano solo quepa imaginarlos dentro de un c\u00f3mic y donde se castiguen por ley, \u2013y de una vez por todas\u2013 las llamadas durante la siesta para que cambiemos de compa\u00f1\u00eda telef\u00f3nica.<\/span><\/p>\n<!-- AddThis Advanced Settings generic via filter on the_content --><!-- AddThis Share Buttons generic via filter on the_content -->","protected":false},"excerpt":{"rendered":"<p>Dice el psiquiatra Luis Rojas Marcos en una entrevista que le hace \u00cd\u00f1igo Dom\u00ednguez en \u2018El Pa\u00eds\u2019 que el ser humano est\u00e1 programado para el optimismo y que esa es la mejor herramienta para afrontar el discurso del miedo tan vigente en nuestro tiempo. Poco d\u00edas antes, en otra entrevista de V\u00edctor M. Amela en [&hellip;]<!-- AddThis Advanced Settings generic via filter on get_the_excerpt --><!-- AddThis Share Buttons generic via filter on get_the_excerpt --><\/p>\n","protected":false},"author":13,"featured_media":0,"comment_status":"open","ping_status":"closed","sticky":false,"template":"","format":"standard","meta":[],"categories":[1],"tags":[1467,1469,297,422,472,1468,935,1470,1024,1383],"_links":{"self":[{"href":"https:\/\/blogs.hoy.es\/Juandomingofernandez\/wp-json\/wp\/v2\/posts\/698"}],"collection":[{"href":"https:\/\/blogs.hoy.es\/Juandomingofernandez\/wp-json\/wp\/v2\/posts"}],"about":[{"href":"https:\/\/blogs.hoy.es\/Juandomingofernandez\/wp-json\/wp\/v2\/types\/post"}],"author":[{"embeddable":true,"href":"https:\/\/blogs.hoy.es\/Juandomingofernandez\/wp-json\/wp\/v2\/users\/13"}],"replies":[{"embeddable":true,"href":"https:\/\/blogs.hoy.es\/Juandomingofernandez\/wp-json\/wp\/v2\/comments?post=698"}],"version-history":[{"count":2,"href":"https:\/\/blogs.hoy.es\/Juandomingofernandez\/wp-json\/wp\/v2\/posts\/698\/revisions"}],"predecessor-version":[{"id":700,"href":"https:\/\/blogs.hoy.es\/Juandomingofernandez\/wp-json\/wp\/v2\/posts\/698\/revisions\/700"}],"wp:attachment":[{"href":"https:\/\/blogs.hoy.es\/Juandomingofernandez\/wp-json\/wp\/v2\/media?parent=698"}],"wp:term":[{"taxonomy":"category","embeddable":true,"href":"https:\/\/blogs.hoy.es\/Juandomingofernandez\/wp-json\/wp\/v2\/categories?post=698"},{"taxonomy":"post_tag","embeddable":true,"href":"https:\/\/blogs.hoy.es\/Juandomingofernandez\/wp-json\/wp\/v2\/tags?post=698"}],"curies":[{"name":"wp","href":"https:\/\/api.w.org\/{rel}","templated":true}]}}