{"id":701,"date":"2017-09-07T19:35:59","date_gmt":"2017-09-07T18:35:59","guid":{"rendered":"http:\/\/blogs.hoy.es\/Juandomingofernandez\/?p=701"},"modified":"2017-09-09T20:30:03","modified_gmt":"2017-09-09T19:30:03","slug":"origenes-el-proces-y-la-energia-nuclear","status":"publish","type":"post","link":"https:\/\/blogs.hoy.es\/Juandomingofernandez\/2017\/09\/07\/origenes-el-proces-y-la-energia-nuclear\/","title":{"rendered":"Or\u00edgenes, el &#8216;proc\u00e9s&#8217; y la energ\u00eda nuclear"},"content":{"rendered":"<p>Uno de los equ\u00edvocos p\u00fablicos m\u00e1s hilarantes de los que tengo noticia se lo o\u00ed contar hace a\u00f1os a su protagonista, el escritor Fernando S\u00e1nchez Drag\u00f3. Resulta que el autor de \u2018G\u00e1rgoris y Habidis. Una Historia M\u00e1gica de Espa\u00f1a\u2019, acababa de dar una conferencia y una periodista le solicit\u00f3 un breve resumen de la charla. El escritor hab\u00eda ensalzado\u00a0el ejemplo paradigm\u00e1tico del viejo fil\u00f3sofo Or\u00edgenes, del que se dice que decidi\u00f3 castrarse para tener menos \u2018distracciones\u2019 en su af\u00e1n diario. En resumen, un modelo de compromiso para cualquier autor insobornablemente implicado con la tarea creativa. La periodista no debi\u00f3 entender muy bien a qui\u00e9n se refer\u00eda porque al d\u00eda siguiente el titular de la entrevista, a varias columnas, dej\u00f3 patidifuso al escritor: \u00abFernando S\u00e1nchez-Drag\u00f3: \u2018A los escritores hab\u00eda que castrarlos como abor\u00edgenes\u2019\u00bb.<br \/>\nOtro equ\u00edvoco formidable es el que relata Rafael Ch\u00e1varri, de Onda Cero Madrid, en el libro \u2018Historias de la canalla\u2019 que coordinaron los periodistas extreme\u00f1os Max Bern\u00e1ldez y Alonso Carretero. Aquel d\u00eda en la emisora ten\u00edan como invitado en el programa \u2018Lo que hay que o\u00edr\u2019 a un t\u00e9cnico asesor en materia nuclear que estaba hablando de centrales nucleares y energ\u00eda at\u00f3mica cuando se dio paso a un oyente que se dirigi\u00f3 a \u00e9l y le dice:<br \/>\n\u00ab\u2013Oiga, le quiero preguntar porque tengo un problema en el pene, y eso que acaba usted de explicar es lo que me pasa a m\u00ed&#8230;\u00bb.<br \/>\nCuenta Ch\u00e1varri que \u00aba medida que el oyente desarrollaba su pregunta, el t\u00e9cnico en seguridad nuclear pon\u00eda cara de asombro y un ataque de risa generalizado empez\u00f3 a desatarse en el estudio\u00bb. Como en los trucos de magia, la soluci\u00f3n del enredo resulta m\u00e1s prosaica que el artificio de la ilusi\u00f3n: a la misma hora se emit\u00eda desde Tenerife un programa donde tambi\u00e9n participaban los oyentes y el invitado era un ur\u00f3logo. En vez de llamar a Tenerife, el del \u2018problema en el pene\u2019 llam\u00f3 a Madrid y la li\u00f3 parda.<br \/>\nM\u00e1s o menos igual que lo que est\u00e1 sucediendo estos d\u00edas en Catalu\u00f1a con Puigdemont y c\u00eda. Visto con perspectiva, imagino que el disparate del \u2018proc\u00e9s\u2019 y el coqueteo inconsciente con la sinraz\u00f3n que se vivi\u00f3 ayer en el Parlamento de Catalu\u00f1a nos parecer\u00e1n escenas sacadas de una comedia de equ\u00edvocos donde se confunde al fil\u00f3sofo Or\u00edgenes con \u2018abor\u00edgenes\u2019 y por un descarrachante equ\u00edvoco se acaba pidiendo consejo sobre problemas en el pene a un t\u00e9cnico en materia nuclear.<br \/>\nNunca tan pocos hicieron tanto da\u00f1o a tantos. Aunque m\u00e1s sangrante que el latrocinio que intentan \u2018camuflar\u2019 algunos con la bandera del separatismo es el \u2018robo\u2019 descarado y tramposo de siglos de convivencia y de un futuro en com\u00fan que se pretende anular con odio y mentiras. Conf\u00edo en que al final se imponga la raz\u00f3n y alguien \u2013aunque no s\u00e9 qui\u00e9n\u2013 pueda reconducir todos estos episodios disparatados y esperp\u00e9nticos. No solo por el bien de Espa\u00f1a en su conjunto sino por el de Catalu\u00f1a en particular.<\/p>\n<!-- AddThis Advanced Settings generic via filter on the_content --><!-- AddThis Share Buttons generic via filter on the_content -->","protected":false},"excerpt":{"rendered":"<p>Uno de los equ\u00edvocos p\u00fablicos m\u00e1s hilarantes de los que tengo noticia se lo o\u00ed contar hace a\u00f1os a su protagonista, el escritor Fernando S\u00e1nchez Drag\u00f3. Resulta que el autor de \u2018G\u00e1rgoris y Habidis. Una Historia M\u00e1gica de Espa\u00f1a\u2019, acababa de dar una conferencia y una periodista le solicit\u00f3 un breve resumen de la charla. [&hellip;]<!-- AddThis Advanced Settings generic via filter on get_the_excerpt --><!-- AddThis Share Buttons generic via filter on get_the_excerpt --><\/p>\n","protected":false},"author":13,"featured_media":0,"comment_status":"open","ping_status":"closed","sticky":false,"template":"","format":"standard","meta":[],"categories":[1],"tags":[1473,205,319,1474,422,1471,735,1475,1472,1476,1432,1457],"_links":{"self":[{"href":"https:\/\/blogs.hoy.es\/Juandomingofernandez\/wp-json\/wp\/v2\/posts\/701"}],"collection":[{"href":"https:\/\/blogs.hoy.es\/Juandomingofernandez\/wp-json\/wp\/v2\/posts"}],"about":[{"href":"https:\/\/blogs.hoy.es\/Juandomingofernandez\/wp-json\/wp\/v2\/types\/post"}],"author":[{"embeddable":true,"href":"https:\/\/blogs.hoy.es\/Juandomingofernandez\/wp-json\/wp\/v2\/users\/13"}],"replies":[{"embeddable":true,"href":"https:\/\/blogs.hoy.es\/Juandomingofernandez\/wp-json\/wp\/v2\/comments?post=701"}],"version-history":[{"count":2,"href":"https:\/\/blogs.hoy.es\/Juandomingofernandez\/wp-json\/wp\/v2\/posts\/701\/revisions"}],"predecessor-version":[{"id":704,"href":"https:\/\/blogs.hoy.es\/Juandomingofernandez\/wp-json\/wp\/v2\/posts\/701\/revisions\/704"}],"wp:attachment":[{"href":"https:\/\/blogs.hoy.es\/Juandomingofernandez\/wp-json\/wp\/v2\/media?parent=701"}],"wp:term":[{"taxonomy":"category","embeddable":true,"href":"https:\/\/blogs.hoy.es\/Juandomingofernandez\/wp-json\/wp\/v2\/categories?post=701"},{"taxonomy":"post_tag","embeddable":true,"href":"https:\/\/blogs.hoy.es\/Juandomingofernandez\/wp-json\/wp\/v2\/tags?post=701"}],"curies":[{"name":"wp","href":"https:\/\/api.w.org\/{rel}","templated":true}]}}