{"id":713,"date":"2017-09-28T18:15:19","date_gmt":"2017-09-28T17:15:19","guid":{"rendered":"http:\/\/blogs.hoy.es\/Juandomingofernandez\/?p=713"},"modified":"2017-09-28T18:15:19","modified_gmt":"2017-09-28T17:15:19","slug":"savater-las-putas-y-los-intelectuales","status":"publish","type":"post","link":"https:\/\/blogs.hoy.es\/Juandomingofernandez\/2017\/09\/28\/savater-las-putas-y-los-intelectuales\/","title":{"rendered":"Savater, las putas y los intelectuales"},"content":{"rendered":"<p>Profeso admiraci\u00f3n por Fernando Savater desde el momento en que descubr\u00ed su deslumbrante libro \u2018La infancia recuperada\u2019, una de esas obras \u2018nutricias\u2019 que constituyen un antes y un despu\u00e9s en la formaci\u00f3n sentimental de cualquier lector; y m\u00e1s a\u00fan si, como era mi caso, se trataba de un lector joven, reci\u00e9n exiliado de la adolescencia&#8230;<br \/>\nLos peque\u00f1os ensayos de aquel libro me ense\u00f1aron a mirar la literatura sin prejuicios ante algunos g\u00e9neros \u2018proscritos\u2019 (entre otros la novela policiaca desde Allan Poe a Agatha Cristie, la ciencia ficci\u00f3n, las llamadas \u2018novelas de aventuras\u2019) y tambi\u00e9n a distinguir lo que la literatura conlleva de mirada moral, de espejo del hombre. Lecciones sobre el papel del h\u00e9roe en los cuentos cl\u00e1sicos o indagaciones en torno al genio literario de Borges, Shakespeare o Robert Louis Stevenson.<br \/>\n<a href=\"http:\/\/www.hoy.es\/culturas\/libros\/savater-personajillos-catalunya-carcel-20170926142346-ntrc.html\">Fernando Savater<\/a> suma a la claridad de ideas el compromiso, la coherencia c\u00edvica y una valent\u00eda que le han llevado a levantar la voz incluso frente a la mordaza del terrorismo y la barbarie sectaria. Savater ha sido un testigo inc\u00f3modo para los variados matones y voceros del fanatismo ideol\u00f3gico y pol\u00edtico durante las \u00faltimas cuatro d\u00e9cadas en Espa\u00f1a. Por eso me alegro del premio que acaba de entregarle la Asociaci\u00f3n de Editores de Madrid y de algunas de sus afirmaciones tras recibir el galard\u00f3n. Por ejemplo, disentir de los ataques al Gobierno de Rajoy por su \u00abinmovilismo\u00bb. \u00abComo si la ley tuviera que moverse\u00bb, apostill\u00f3. Y otros comentarios relativos a la situaci\u00f3n catalana: \u00abAlgunos personajillos deber\u00edan llevar una temporada en la c\u00e1rcel, que tiene tambi\u00e9n una funci\u00f3n educativa\u00bb.<br \/>\nA m\u00ed lo que me parece m\u00e1s relevante de las declaraciones de <a href=\"https:\/\/elpais.com\/cultura\/2017\/09\/26\/actualidad\/1506441171_622064.html\">Savater<\/a> es la cr\u00edtica abierta a los intelectuales respecto a la coyuntura que se vive en Catalu\u00f1a. \u00abNadie quiere dejar de gustarle a una mayor\u00eda\u00bb, \u00abhay una cobard\u00eda generalizada en Espa\u00f1a, tambi\u00e9n entre los intelectuales\u00bb, \u00abla cuesti\u00f3n es que los intelectuales somos como las putas, vivimos de gustar, y queremos gustar, aunque sea arrinconando otros valores\u00bb, \u00abesa es la enfermedad que los intelectuales han desarrollado en este pa\u00eds\u00bb.<br \/>\n\u00bfSe trata de juicios excesivos, de opiniones extempor\u00e1neas del fil\u00f3sofo? Basta reparar en las lindezas que han tenido que escuchar estos d\u00edas personajes como Serrat, Mars\u00e9 o Boadella por mostrarse contrarios al refer\u00e9ndum convocado para el 1-O&#8230;<br \/>\nAl autor de \u2018La tarea del h\u00e9roe\u2019 hay que agradecerle tambi\u00e9n su veterano desd\u00e9n por los nacionalismos excluyentes (todos los son) y su insistencia en el car\u00e1cter \u2018cultural\u2019 (no pol\u00edtico) del concepto naci\u00f3n catalana frente al de ciudadan\u00eda. \u00abSi lig\u00e1ramos otra vez la ciudadan\u00eda con la tierra, volver\u00edamos a la \u00e9poca medieval\u00bb.<br \/>\nEn resumen, el viejo enfrentamiento entre lo \u2018sentimental-mitol\u00f3gico\u2019 y lo \u2018racional-democr\u00e1tico\u2019 que tan rentablemente llevan mezclando ciertos dirigentes pol\u00edticos en Catalu\u00f1a para beneficio propio.<\/p>\n<!-- AddThis Advanced Settings generic via filter on the_content --><!-- AddThis Share Buttons generic via filter on the_content -->","protected":false},"excerpt":{"rendered":"<p>Profeso admiraci\u00f3n por Fernando Savater desde el momento en que descubr\u00ed su deslumbrante libro \u2018La infancia recuperada\u2019, una de esas obras \u2018nutricias\u2019 que constituyen un antes y un despu\u00e9s en la formaci\u00f3n sentimental de cualquier lector; y m\u00e1s a\u00fan si, como era mi caso, se trataba de un lector joven, reci\u00e9n exiliado de la adolescencia&#8230; [&hellip;]<!-- AddThis Advanced Settings generic via filter on get_the_excerpt --><!-- AddThis Share Buttons generic via filter on get_the_excerpt --><\/p>\n","protected":false},"author":13,"featured_media":0,"comment_status":"open","ping_status":"closed","sticky":false,"template":"","format":"standard","meta":[],"categories":[1],"tags":[205,422,1485,481,642,890,1457],"_links":{"self":[{"href":"https:\/\/blogs.hoy.es\/Juandomingofernandez\/wp-json\/wp\/v2\/posts\/713"}],"collection":[{"href":"https:\/\/blogs.hoy.es\/Juandomingofernandez\/wp-json\/wp\/v2\/posts"}],"about":[{"href":"https:\/\/blogs.hoy.es\/Juandomingofernandez\/wp-json\/wp\/v2\/types\/post"}],"author":[{"embeddable":true,"href":"https:\/\/blogs.hoy.es\/Juandomingofernandez\/wp-json\/wp\/v2\/users\/13"}],"replies":[{"embeddable":true,"href":"https:\/\/blogs.hoy.es\/Juandomingofernandez\/wp-json\/wp\/v2\/comments?post=713"}],"version-history":[{"count":1,"href":"https:\/\/blogs.hoy.es\/Juandomingofernandez\/wp-json\/wp\/v2\/posts\/713\/revisions"}],"predecessor-version":[{"id":714,"href":"https:\/\/blogs.hoy.es\/Juandomingofernandez\/wp-json\/wp\/v2\/posts\/713\/revisions\/714"}],"wp:attachment":[{"href":"https:\/\/blogs.hoy.es\/Juandomingofernandez\/wp-json\/wp\/v2\/media?parent=713"}],"wp:term":[{"taxonomy":"category","embeddable":true,"href":"https:\/\/blogs.hoy.es\/Juandomingofernandez\/wp-json\/wp\/v2\/categories?post=713"},{"taxonomy":"post_tag","embeddable":true,"href":"https:\/\/blogs.hoy.es\/Juandomingofernandez\/wp-json\/wp\/v2\/tags?post=713"}],"curies":[{"name":"wp","href":"https:\/\/api.w.org\/{rel}","templated":true}]}}