{"id":715,"date":"2017-10-05T19:09:11","date_gmt":"2017-10-05T18:09:11","guid":{"rendered":"http:\/\/blogs.hoy.es\/Juandomingofernandez\/?p=715"},"modified":"2017-10-05T19:12:16","modified_gmt":"2017-10-05T18:12:16","slug":"cataluna-la-ley-y-la-violencia","status":"publish","type":"post","link":"https:\/\/blogs.hoy.es\/Juandomingofernandez\/2017\/10\/05\/cataluna-la-ley-y-la-violencia\/","title":{"rendered":"Catalu\u00f1a, la ley y la violencia"},"content":{"rendered":"<p>HACE poco me inquietaba si la farsa separatista en Catalu\u00f1a derivar\u00eda en esperpento o en tragicomedia. Ahora lo que me inquieta es saber si el tren sin frenos acabar\u00e1 en la Padania o en los Balcanes&#8230;<br \/>\nSupongo que a la carcunda nacionalista y a sus esforzados compa\u00f1eros de viaje les embargar\u00e1 (metaf\u00f3ricamente, claro) igual entusiasmo que a los agricultores el primer d\u00eda del Diluvio Universal: \u00ab\u00a1Qu\u00e9 buena cosecha vamos a tener este a\u00f1o!\u00bb. Quiero decir que tras los episodios del 6 y 7 de septiembre en el Parlament, el megaparip\u00e9 del 1 de octubre, los engolados \u2018autoaplausos\u2019 por la \u2018heroica\u2019 proeza de pisotear la ley, la democracia y los derechos constitucionales del conjunto de la sociedad catalana igual esperaban que la respuesta del resto de Espa\u00f1a siguiera siendo m\u00e1s di\u00e1logo, subir la puja y una palmadita en la espalda.<br \/>\nAnoche Puigdemont areng\u00f3 a los suyos como si se tratara del primer d\u00eda del Diluvio Universal. \u00bfPiensa quiz\u00e1s que sus acciones van a quedar impunes? Alfonso Guerra ha sido el \u00faltimo que ha insistido en la evidencia del cuento sobre \u2018El traje del emperador\u2019. El veterano dirigente socialista ha tenido que insistir en esas verdades como pu\u00f1os que la \u2018posverdad\u2019 y \u2018poslegalidad\u2019 independentista tratan de presentar como g\u00e9nero averiado. \u00bfQu\u00e9 verdades? Pues el car\u00e1cter esencialmente reaccionario de los nacionalismos (sobre todo de los nacionalismos identitarios o supremacistas), la interesada \u2018confusi\u00f3n\u2019 entre el conjunto de la sociedad (\u00a1somos todo un pueblo!) y la ciudadan\u00eda con \u00e1nimo sectario; el desprecio \u2018de facto\u2019 a la soberan\u00eda nacional, representada por el conjunto de Espa\u00f1a y no por los habitantes de un territorio&#8230;<br \/>\nEs cierto que casi toda la culpa de lo que est\u00e1 ocurriendo hay que atribu\u00edrsela a los dirigentes nacionalistas y populistas que con \u00e1nimo transgresor han sepultado la Constituci\u00f3n para situarse \u2013sin rodeos\u2013 fuera de la ley, es decir, al margen de la democracia. Y me da igual que lo hayan hecho forzados por sus nuevos \u2018compa\u00f1eros de viaje\u2019 o como quien huye perseguido por la sombra alargada del latrocinio y las corrupciones. Es as\u00ed, pero el porcentaje de culpa restante corresponde a quien consinti\u00f3 que el enfermo empeorara sin aplicarle medidas quir\u00fargicas cuando la operaci\u00f3n resultaba menos traum\u00e1tica.<br \/>\nCreo que no tiene mucho sentido preguntarse a estas alturas si son galgos o son podencos. Lo hecho hecho est\u00e1; procede resolver la aver\u00eda: lo urgente y a la vez importante; retomar la senda constitucional y garantizar la \u00fanica legalidad posible y democr\u00e1tica. \u00bfC\u00f3mo hacerlo? Ah\u00ed es donde todos los implicados directamente tendr\u00e1n que mover ficha. El Gobierno de la naci\u00f3n y los representantes pol\u00edticos de todas las administraciones en Catalu\u00f1a. La gravedad es extrema. Las apelaciones a la responsabilidad, generales. \u00bfL\u00edmites? Acaso la conocida y sabia advertencia de Lanza del Vasto: \u00abNing\u00fan conflicto se resuelve por la violencia porque la violencia es el conflicto mismo\u00bb. \u00bfHay tiempo?<\/p>\n<!-- AddThis Advanced Settings generic via filter on the_content --><!-- AddThis Share Buttons generic via filter on the_content -->","protected":false},"excerpt":{"rendered":"<p>HACE poco me inquietaba si la farsa separatista en Catalu\u00f1a derivar\u00eda en esperpento o en tragicomedia. Ahora lo que me inquieta es saber si el tren sin frenos acabar\u00e1 en la Padania o en los Balcanes&#8230; Supongo que a la carcunda nacionalista y a sus esforzados compa\u00f1eros de viaje les embargar\u00e1 (metaf\u00f3ricamente, claro) igual entusiasmo [&hellip;]<!-- AddThis Advanced Settings generic via filter on get_the_excerpt --><!-- AddThis Share Buttons generic via filter on get_the_excerpt --><\/p>\n","protected":false},"author":13,"featured_media":0,"comment_status":"open","ping_status":"closed","sticky":false,"template":"","format":"standard","meta":[],"categories":[1],"tags":[1487,205,276,284,319,422,731,890,1024,1486,1383,1432],"_links":{"self":[{"href":"https:\/\/blogs.hoy.es\/Juandomingofernandez\/wp-json\/wp\/v2\/posts\/715"}],"collection":[{"href":"https:\/\/blogs.hoy.es\/Juandomingofernandez\/wp-json\/wp\/v2\/posts"}],"about":[{"href":"https:\/\/blogs.hoy.es\/Juandomingofernandez\/wp-json\/wp\/v2\/types\/post"}],"author":[{"embeddable":true,"href":"https:\/\/blogs.hoy.es\/Juandomingofernandez\/wp-json\/wp\/v2\/users\/13"}],"replies":[{"embeddable":true,"href":"https:\/\/blogs.hoy.es\/Juandomingofernandez\/wp-json\/wp\/v2\/comments?post=715"}],"version-history":[{"count":2,"href":"https:\/\/blogs.hoy.es\/Juandomingofernandez\/wp-json\/wp\/v2\/posts\/715\/revisions"}],"predecessor-version":[{"id":717,"href":"https:\/\/blogs.hoy.es\/Juandomingofernandez\/wp-json\/wp\/v2\/posts\/715\/revisions\/717"}],"wp:attachment":[{"href":"https:\/\/blogs.hoy.es\/Juandomingofernandez\/wp-json\/wp\/v2\/media?parent=715"}],"wp:term":[{"taxonomy":"category","embeddable":true,"href":"https:\/\/blogs.hoy.es\/Juandomingofernandez\/wp-json\/wp\/v2\/categories?post=715"},{"taxonomy":"post_tag","embeddable":true,"href":"https:\/\/blogs.hoy.es\/Juandomingofernandez\/wp-json\/wp\/v2\/tags?post=715"}],"curies":[{"name":"wp","href":"https:\/\/api.w.org\/{rel}","templated":true}]}}