{"id":718,"date":"2017-10-12T19:19:03","date_gmt":"2017-10-12T18:19:03","guid":{"rendered":"http:\/\/blogs.hoy.es\/Juandomingofernandez\/?p=718"},"modified":"2017-10-12T19:19:03","modified_gmt":"2017-10-12T18:19:03","slug":"mentiras-poca-broma","status":"publish","type":"post","link":"https:\/\/blogs.hoy.es\/Juandomingofernandez\/2017\/10\/12\/mentiras-poca-broma\/","title":{"rendered":"\u00bfMentiras?, poca broma"},"content":{"rendered":"<p>Cuando un diplom\u00e1tico dice \u00abs\u00ed\u00bb quiere decir \u00abquiz\u00e1\u00bb; cuando dice \u00abquiz\u00e1\u00bb quiere decir \u00abno\u00bb, y si dice \u00abno\u00bb no es diplom\u00e1tico. Ese viejo dicho confirma mi buen Yorick que esta patulea de dirigentes pol\u00edticos, ahora por desgracia en la mente de todos, son ajenos al cuerpo diplom\u00e1tico y por descontado, incompatibles con las m\u00ednimas normas de la decencia democr\u00e1tica y legal.<br \/>\n\u00abSi me enga\u00f1as una vez, tuya es la culpa. Si me enga\u00f1as dos, la culpa es m\u00eda\u00bb, dej\u00f3 escrito el fil\u00f3sofo griego Anax\u00e1goras.<br \/>\nA un pa\u00eds como Espa\u00f1a, experimentado en sufrir durante a\u00f1os \u2018treguas trampas\u2019 del terrorismo y otras iniquidades, las argucias de \u00abs\u00ed, pero no\u00bb le causan forzosamente antes que indignaci\u00f3n, verg\u00fcenza e hilaridad. Para comprobarlo basta entrar en las redes sociales y carcajearse con los abundant\u00edsimos \u2018memes\u2019 y parodias que suscitan los \u00faltimos episodios del innombrable y poco honorable protagonista.<br \/>\nComo en la vieja f\u00e1bula, el parto de los montes fue un rid\u00edculo rat\u00f3n. O si acaso, el par de cig\u00fce\u00f1as que anida \u2013en uno de los montajes humor\u00edsticos\u2013 sobre el peluc\u00f3n del sujeto. O el camarote de los hermanos Marx simulando su sal\u00f3n de reuniones; o el acto de la firma del \u00bfacta? de la independencia; o al diputado que gan\u00f3 en el sorteo una impresora port\u00e1til&#8230; Humor y desenfado. Quiz\u00e1s el mejor contrapunto al desbarre de quienes adem\u00e1s de transgredir las normas legales del respeto y la convivencia democr\u00e1tica se obstinan en la mentira como arma pol\u00edtica y estrategia partidista.<br \/>\n\u00bfAlguien cree que puede edificarse una sociedad estable, justa y pr\u00f3spera sobre la base de la mentira, la tergiversaci\u00f3n y el enga\u00f1o? \u00bfAlguien puede creerse que siendo esa regi\u00f3n una de las m\u00e1s desarrolladas y beneficiadas por todos los gobiernos de Espa\u00f1a desde tiempos inmemoriales se trata de una tierra \u00aboprimida\u00bb pol\u00edtica, cultural o socialmente? \u00bfCu\u00e1nto tiempo pueden sostenerse trolas tan descomunales sin causar sonrojo? Por no hablar de la \u2018mitificaci\u00f3n\u2019 de un pasado que olvida u obvia detalles relativos a la convivencia sin los que resulta incomprensible o m\u00e1s falso que el cart\u00f3n piedra de un decorado cinematogr\u00e1fico. \u00abNadie puede enga\u00f1ar a todos durante todo el tiempo\u00bb, dijo el presidente Abraham Lincoln.<br \/>\nHay un viejo poema de Jon Juaristi: \u2018Spoon river, Euskadi\u2019, de su libro \u2018Suma de varia intenci\u00f3n\u2019 (1987) que a m\u00ed me encanta y que se ha citado m\u00e1s veces como explicaci\u00f3n del \u2018lavado de cerebro\u2019 y de la atm\u00f3sfera que propici\u00f3 el doloroso delirio terrorista en el Pa\u00eds Vasco. Dice as\u00ed:<br \/>\n\u00ab\u00bfTe preguntas, viajero, por qu\u00e9 hemos muerto j\u00f3venes, \/ y por qu\u00e9 hemos matado tan est\u00fapidamente? \/ Nuestros padres mintieron: eso es todo\u00bb.<br \/>\nSalvando las evidentes \u2013gracias a Dios\u2013 diferencias de muertes por terrorismo en una comunidad y otra, no conviene minusvalorar en cualquier caso el peligro de la mentira, del enga\u00f1o, de la falsedad como origen y causa de las m\u00e1s graves enfermedades sociales; es decir, del progresivo envenenamiento de la convivencia. Ante ese riesgo (aunque sea latente) poca broma.<\/p>\n<!-- AddThis Advanced Settings generic via filter on the_content --><!-- AddThis Share Buttons generic via filter on the_content -->","protected":false},"excerpt":{"rendered":"<p>Cuando un diplom\u00e1tico dice \u00abs\u00ed\u00bb quiere decir \u00abquiz\u00e1\u00bb; cuando dice \u00abquiz\u00e1\u00bb quiere decir \u00abno\u00bb, y si dice \u00abno\u00bb no es diplom\u00e1tico. Ese viejo dicho confirma mi buen Yorick que esta patulea de dirigentes pol\u00edticos, ahora por desgracia en la mente de todos, son ajenos al cuerpo diplom\u00e1tico y por descontado, incompatibles con las m\u00ednimas normas [&hellip;]<!-- AddThis Advanced Settings generic via filter on get_the_excerpt --><!-- AddThis Share Buttons generic via filter on get_the_excerpt --><\/p>\n","protected":false},"author":13,"featured_media":0,"comment_status":"open","ping_status":"closed","sticky":false,"template":"","format":"standard","meta":[],"categories":[1],"tags":[205,319,1488,422,594,674,790,890,1486,1383,1457],"_links":{"self":[{"href":"https:\/\/blogs.hoy.es\/Juandomingofernandez\/wp-json\/wp\/v2\/posts\/718"}],"collection":[{"href":"https:\/\/blogs.hoy.es\/Juandomingofernandez\/wp-json\/wp\/v2\/posts"}],"about":[{"href":"https:\/\/blogs.hoy.es\/Juandomingofernandez\/wp-json\/wp\/v2\/types\/post"}],"author":[{"embeddable":true,"href":"https:\/\/blogs.hoy.es\/Juandomingofernandez\/wp-json\/wp\/v2\/users\/13"}],"replies":[{"embeddable":true,"href":"https:\/\/blogs.hoy.es\/Juandomingofernandez\/wp-json\/wp\/v2\/comments?post=718"}],"version-history":[{"count":1,"href":"https:\/\/blogs.hoy.es\/Juandomingofernandez\/wp-json\/wp\/v2\/posts\/718\/revisions"}],"predecessor-version":[{"id":719,"href":"https:\/\/blogs.hoy.es\/Juandomingofernandez\/wp-json\/wp\/v2\/posts\/718\/revisions\/719"}],"wp:attachment":[{"href":"https:\/\/blogs.hoy.es\/Juandomingofernandez\/wp-json\/wp\/v2\/media?parent=718"}],"wp:term":[{"taxonomy":"category","embeddable":true,"href":"https:\/\/blogs.hoy.es\/Juandomingofernandez\/wp-json\/wp\/v2\/categories?post=718"},{"taxonomy":"post_tag","embeddable":true,"href":"https:\/\/blogs.hoy.es\/Juandomingofernandez\/wp-json\/wp\/v2\/tags?post=718"}],"curies":[{"name":"wp","href":"https:\/\/api.w.org\/{rel}","templated":true}]}}