{"id":722,"date":"2017-10-26T19:18:30","date_gmt":"2017-10-26T18:18:30","guid":{"rendered":"http:\/\/blogs.hoy.es\/Juandomingofernandez\/?p=722"},"modified":"2017-10-26T19:18:30","modified_gmt":"2017-10-26T18:18:30","slug":"dersu-y-los-parceleros","status":"publish","type":"post","link":"https:\/\/blogs.hoy.es\/Juandomingofernandez\/2017\/10\/26\/dersu-y-los-parceleros\/","title":{"rendered":"Dersu y los parceleros"},"content":{"rendered":"<p>DICE Diego Algaba Mansilla en su reciente art\u00edculo \u2018Parceleros\u2019 que se acord\u00f3 de esos personajes tan caracter\u00edsticos de la Extremadura rural \u00abdespu\u00e9s de ver a uno de ellos cogiendo las aceitunas de un olivo que hay al final de la Avenida Mar\u00eda Auxiliadora\u00bb, en Badajoz. La magn\u00edfica evocaci\u00f3n que hace Diego Algaba de aquellos hombres \u2013algunos de los cuales han terminado y\u00e9ndose a vivir con sus hijos o nietos a la ciudad, entre las cuatro paredes de un piso \u00abal que hay que subir en ascensor\u00bb\u2013 a m\u00ed me record\u00f3 al instante la peripecia de un personaje legendario: el viejo cazador <a href=\"https:\/\/es.wikipedia.org\/wiki\/Dersu_Uzala_(pel%C3%ADcula_de_1975)\">\u2018Dersu Uzala\u2019<\/a>, obra maestra de Akira Kurosawa.<br \/>\nEsa pel\u00edcula, que retrata la vida en libertad de un cazador en plena naturaleza (la tundra y los bosques siberianos) es tambi\u00e9n la conmovedora historia de una amistad entre el capit\u00e1n Vladimir Arseniev, explorador del ej\u00e9rcito ruso y el viejo cazador Dersu Uzala. No voy a desvelar c\u00f3mo acaba la pel\u00edcula, s\u00f3lo me detendr\u00e9 en algunos pasajes de la historia. Tras las expediciones, Arseniev decide llevarse a vivir a su casa en la ciudad al viejo Dersu, al que le empieza a fallar la vista.<br \/>\nLa vida en el hogar transcurre dulce y confortable para el capit\u00e1n, para su mujer y para su hijo. Pero el viejo Dersu Uzala se asfixia entre aquellas cuatro paredes y se pasa el d\u00eda sentado en el suelo, embelesado ante las llamas de la chimenea. Dersu es la met\u00e1fora de un p\u00e1jaro enjaulado, de un ser libre abatido.<br \/>\nSu mundo y sus valores no son los de la ciudad. Tan es as\u00ed que un buen d\u00eda el capit\u00e1n tiene que acudir a rescatarle porque al bueno de Dersu, viendo que se necesitaba le\u00f1a en casa, no se le ocurri\u00f3 otra idea que salir al parque y ponerse a cortar un \u00e1rbol&#8230; que \u00e9l consideraba de todos, no de nadie en concreto, igual que los del bosque o la taiga. Otro d\u00eda se enfada con el hombre que suministra agua a las viviendas transport\u00e1ndolas en una cuba. Le afea que cobre dinero por algo que est\u00e1 en la naturaleza y no pertenece a nadie sino a todos. \u00ab\u00bfPor qu\u00e9 dar dinero por agua? Mucha agua hay en r\u00edo\u00bb, le pregunta a la mujer del capit\u00e1n, mientras el aguador le mira como si no estuviera en sus cabales y le dice: \u00abNo entiendes nada\u00bb, a lo que Dersu resume enfadado: \u00ab\u00a1T\u00fa eres una mala persona!\u00bb. Y para su escala de valores, que son los de un hombre que ha vivido en libertad, pegado a la naturaleza, claro que lo es. Dersu Uzala posee la \u2018sabidur\u00eda instintiva\u2019 de quien ha aprendido a vivir en armon\u00eda con la naturaleza: caza \u00fanicamente lo que necesita; comparte; piensa en otros cazadores que podr\u00e1n necesitar tambi\u00e9n la caba\u00f1a del bosque; le acechan miedos e inseguridades; desconoce por ejemplo su edad exacta y otros muchos detalles mundanos pero sentencia en su sencillez: \u00abAprendo todo cuanto necesito saber y tengo todo cuanto necesito tener\u00bb.<br \/>\nAdem\u00e1s de la \u2018sabidur\u00eda instintiva\u2019 que desprende la historia de Dersu Uzala, a m\u00ed me conmueve \u2013como en el caso del parcelero de Diego Algaba\u2013 la pura necesidad de armon\u00eda con lo que nos rodea que supone coger las aceitunas de un olivo urbano, o conocer de sobra las cosas que de verdad importan en la vida.<\/p>\n<!-- AddThis Advanced Settings generic via filter on the_content --><!-- AddThis Share Buttons generic via filter on the_content -->","protected":false},"excerpt":{"rendered":"<p>DICE Diego Algaba Mansilla en su reciente art\u00edculo \u2018Parceleros\u2019 que se acord\u00f3 de esos personajes tan caracter\u00edsticos de la Extremadura rural \u00abdespu\u00e9s de ver a uno de ellos cogiendo las aceitunas de un olivo que hay al final de la Avenida Mar\u00eda Auxiliadora\u00bb, en Badajoz. La magn\u00edfica evocaci\u00f3n que hace Diego Algaba de aquellos hombres [&hellip;]<!-- AddThis Advanced Settings generic via filter on get_the_excerpt --><!-- AddThis Share Buttons generic via filter on get_the_excerpt --><\/p>\n","protected":false},"author":13,"featured_media":0,"comment_status":"open","ping_status":"closed","sticky":false,"template":"","format":"standard","meta":[],"categories":[1],"tags":[1490,1494,1491,1493,1492,754,901,1048],"_links":{"self":[{"href":"https:\/\/blogs.hoy.es\/Juandomingofernandez\/wp-json\/wp\/v2\/posts\/722"}],"collection":[{"href":"https:\/\/blogs.hoy.es\/Juandomingofernandez\/wp-json\/wp\/v2\/posts"}],"about":[{"href":"https:\/\/blogs.hoy.es\/Juandomingofernandez\/wp-json\/wp\/v2\/types\/post"}],"author":[{"embeddable":true,"href":"https:\/\/blogs.hoy.es\/Juandomingofernandez\/wp-json\/wp\/v2\/users\/13"}],"replies":[{"embeddable":true,"href":"https:\/\/blogs.hoy.es\/Juandomingofernandez\/wp-json\/wp\/v2\/comments?post=722"}],"version-history":[{"count":1,"href":"https:\/\/blogs.hoy.es\/Juandomingofernandez\/wp-json\/wp\/v2\/posts\/722\/revisions"}],"predecessor-version":[{"id":723,"href":"https:\/\/blogs.hoy.es\/Juandomingofernandez\/wp-json\/wp\/v2\/posts\/722\/revisions\/723"}],"wp:attachment":[{"href":"https:\/\/blogs.hoy.es\/Juandomingofernandez\/wp-json\/wp\/v2\/media?parent=722"}],"wp:term":[{"taxonomy":"category","embeddable":true,"href":"https:\/\/blogs.hoy.es\/Juandomingofernandez\/wp-json\/wp\/v2\/categories?post=722"},{"taxonomy":"post_tag","embeddable":true,"href":"https:\/\/blogs.hoy.es\/Juandomingofernandez\/wp-json\/wp\/v2\/tags?post=722"}],"curies":[{"name":"wp","href":"https:\/\/api.w.org\/{rel}","templated":true}]}}