{"id":724,"date":"2017-11-02T19:50:04","date_gmt":"2017-11-02T18:50:04","guid":{"rendered":"http:\/\/blogs.hoy.es\/Juandomingofernandez\/?p=724"},"modified":"2017-11-02T19:54:39","modified_gmt":"2017-11-02T18:54:39","slug":"empecinado","status":"publish","type":"post","link":"https:\/\/blogs.hoy.es\/Juandomingofernandez\/2017\/11\/02\/empecinado\/","title":{"rendered":"Empecinado"},"content":{"rendered":"<p>AUNQUE al huido Puigdemont le moleste, la prueba irrefutable de su \u2018espa\u00f1olismo\u2019 est\u00e1 en la inclinaci\u00f3n firme al \u00absostenella y no enmendalla\u00bb que suele atribuirse al empecinamiento patrio. Con el agravante en su caso de ser un lastre que aplica con car\u00e1cter retroactivo, es decir, su obstinaci\u00f3n a la hora de negar la realidad, de cuestionarla, se extiende al pasado, al presente y me temo que al futuro.<br \/>\nEl empecinamiento de Puigdemont se funda en la \u2018irrealidad\u2019 de una Catalu\u00f1a que \u00fanicamente ha existido en la geograf\u00eda e historia fant\u00e1stica de los deseos. De los \u00absentimientos\u00bb, como se denomina ahora piadosamente a esa coartada contra la raz\u00f3n. La topograf\u00eda por la que deambula Puigdemont est\u00e1 emparentada con la leyenda, con la mera ficci\u00f3n, no con la realidad. A quien le interese saber c\u00f3mo nacen las \u2018mitolog\u00edas nacionalistas\u2019, le bastar\u00e1 para entenderlo con mirar alrededor de nuestro d\u00eda a d\u00eda en Catalu\u00f1a y reflexionar acerca del traj\u00edn de mentiras, enga\u00f1os, \u2018astucias\u2019 y versiones de los hechos (y de las opiniones y de los sentimientos y hasta de las emociones) que se cuentan de lo que ha venido ocurriendo por esa tierra. Pensar en la verdad, la realidad y la simple mentira.<br \/>\nCuando pasado el tiempo pueda describirse con calma y perspectiva la secuencia de los acontecimientos nos parecer\u00e1 que en estos a\u00f1os hemos asistido a una soberbia comedia de enredo, a una descomunal \u2018farsa\u2019 colectiva en la que se implic\u00f3 a buena parte de la sociedad catalana m\u00e1s cr\u00e9dula y leal con la \u00e9lite dirigente empecinada en acabar \u2013\u00absostenella y no enmendalla\u00bb\u2013 con un magn\u00edfico modelo de convivencia y progreso. Supongo que esa mirada retrospectiva y desapasionada, o sea, con vocaci\u00f3n de objetividad, nos servir\u00e1 tambi\u00e9n para descubrir la dimensi\u00f3n del teatro, el rev\u00e9s de la trama. Aunque supongo que nada de ello ocurrir\u00e1 mientras no se extingan los incendios que prendieron al calor de las soflamas antidemocr\u00e1ticas, excluyentes y cebadas con la hipocres\u00eda de la falsedad. Hasta que la realidad no baje el tel\u00f3n del esperpento y acabe el espect\u00e1culo.<br \/>\n\u00abLa gente se arregla todos los d\u00edas el cabello, \u00bfpor qu\u00e9 no el coraz\u00f3n?\u00bb, se pregunta Gandhi con la l\u00f3gica l\u00facida de quien distingue lo banal de lo relevante; lo aut\u00e9ntico de lo impostado. Parafrase\u00e1ndole yo preguntar\u00eda a Puigdemont por qu\u00e9 en vez de mirar por su solo inter\u00e9s no piensa, con perspectiva hist\u00f3rica, en los intereses colectivos de la sociedad a la que dice representar? Ya s\u00e9 que es, claro, una pregunta ret\u00f3rica.<br \/>\nNo hay peor obstinado que el que se empe\u00f1a en seguir la linde cuando esta ha llegado a su fin. O el que quiere seguir echando cartas sobre el tapete cuando alguien ha cantado las cuarenta y las diez de monte. La historia de Puigdemont no lleva camino de terminar bien. Es tan ominosa que probablemente requiera tratamiento externo. A lo grave de su error hay que a\u00f1adir la voluntariedad. No es un dirigente que se equivoca por azar o de forma imprevista, lo hace de manera alevosa y premeditada. Por eso no le saldr\u00e1 gratis la jugada y por eso va a necesitar de colaboradores directos para que le \u2018rescaten\u2019 del \u00absostenella y no enmendalla\u00bb en que est\u00e1 empecinado.<\/p>\n<!-- AddThis Advanced Settings generic via filter on the_content --><!-- AddThis Share Buttons generic via filter on the_content -->","protected":false},"excerpt":{"rendered":"<p>AUNQUE al huido Puigdemont le moleste, la prueba irrefutable de su \u2018espa\u00f1olismo\u2019 est\u00e1 en la inclinaci\u00f3n firme al \u00absostenella y no enmendalla\u00bb que suele atribuirse al empecinamiento patrio. Con el agravante en su caso de ser un lastre que aplica con car\u00e1cter retroactivo, es decir, su obstinaci\u00f3n a la hora de negar la realidad, de [&hellip;]<!-- AddThis Advanced Settings generic via filter on get_the_excerpt --><!-- AddThis Share Buttons generic via filter on get_the_excerpt --><\/p>\n","protected":false},"author":13,"featured_media":0,"comment_status":"open","ping_status":"closed","sticky":false,"template":"","format":"standard","meta":[],"categories":[1],"tags":[205,284,319,1488,422,1495,1496,890,1015,1383,1432,1457],"_links":{"self":[{"href":"https:\/\/blogs.hoy.es\/Juandomingofernandez\/wp-json\/wp\/v2\/posts\/724"}],"collection":[{"href":"https:\/\/blogs.hoy.es\/Juandomingofernandez\/wp-json\/wp\/v2\/posts"}],"about":[{"href":"https:\/\/blogs.hoy.es\/Juandomingofernandez\/wp-json\/wp\/v2\/types\/post"}],"author":[{"embeddable":true,"href":"https:\/\/blogs.hoy.es\/Juandomingofernandez\/wp-json\/wp\/v2\/users\/13"}],"replies":[{"embeddable":true,"href":"https:\/\/blogs.hoy.es\/Juandomingofernandez\/wp-json\/wp\/v2\/comments?post=724"}],"version-history":[{"count":2,"href":"https:\/\/blogs.hoy.es\/Juandomingofernandez\/wp-json\/wp\/v2\/posts\/724\/revisions"}],"predecessor-version":[{"id":726,"href":"https:\/\/blogs.hoy.es\/Juandomingofernandez\/wp-json\/wp\/v2\/posts\/724\/revisions\/726"}],"wp:attachment":[{"href":"https:\/\/blogs.hoy.es\/Juandomingofernandez\/wp-json\/wp\/v2\/media?parent=724"}],"wp:term":[{"taxonomy":"category","embeddable":true,"href":"https:\/\/blogs.hoy.es\/Juandomingofernandez\/wp-json\/wp\/v2\/categories?post=724"},{"taxonomy":"post_tag","embeddable":true,"href":"https:\/\/blogs.hoy.es\/Juandomingofernandez\/wp-json\/wp\/v2\/tags?post=724"}],"curies":[{"name":"wp","href":"https:\/\/api.w.org\/{rel}","templated":true}]}}