{"id":727,"date":"2017-11-10T21:41:26","date_gmt":"2017-11-10T20:41:26","guid":{"rendered":"http:\/\/blogs.hoy.es\/Juandomingofernandez\/?p=727"},"modified":"2017-11-11T22:39:57","modified_gmt":"2017-11-11T21:39:57","slug":"cuando-regresaran-a-la-realidad","status":"publish","type":"post","link":"https:\/\/blogs.hoy.es\/Juandomingofernandez\/2017\/11\/10\/cuando-regresaran-a-la-realidad\/","title":{"rendered":"\u00bfCu\u00e1ndo regresar\u00e1n a la realidad?"},"content":{"rendered":"<p>LOS hechos son tozudos y las opiniones no le andan a la zaga. El \u00faltimo bar\u00f3metro del Centro de Investigaciones Sociol\u00f3gicas (CIS), elaborado tras el refer\u00e9ndum ilegal del 1 de octubre, revela que la crisis por la independencia de Catalu\u00f1a se ha convertido en el segundo mayor problema para los espa\u00f1oles. La escalada ha sido mete\u00f3rica: en el sondeo de julio el asunto inquietaba a un 2,6% de los encuestados mientras que ahora, tras la singular proclamaci\u00f3n de independencia escenificada por Puigdemont, la preocupaci\u00f3n se extiende al 29% de los espa\u00f1oles. La inquietud por el \u2018proc\u00e9s\u2019 alcanza tal nivel que desplaza a la corrupci\u00f3n al tercer puesto, con el 28,3 por ciento de menciones en el sondeo, a pesar de tratarse como es sabido de un mal end\u00e9mico durante d\u00e9cadas en Espa\u00f1a. Otro \u2018triunfo\u2019 que se apuntar\u00e1n \u2013supongo\u2013 quienes desde posiciones separatistas consideran que cuanto peor para el conjunto de Espa\u00f1a, mejor para una Catalu\u00f1a independiente&#8230;<br \/>\nPuede resultar parad\u00f3jico pero en mi opini\u00f3n es un consuelo que tras la escandalera del \u2018proc\u00e9s\u2019 y del separatismo delirante, el sondeo del CIS constate la \u2018sensatez\u2019 de los espa\u00f1oles juzgando lo que es importante de verdad. \u00bfPor qu\u00e9 lo digo? Por los datos del paro. Y por el hecho de que lo siguen considerando el problema m\u00e1s grave de Espa\u00f1a el 66,2% de los encuestados: el verdadero desaf\u00edo y conflicto contra el que se debe luchar; no se\u00f1uelos o problemas creados caprichosa y gratuitamente por unos dirigentes pol\u00edticos concretos de una comunidad concreta y en un tiempo concreto. Un problema generado igual que esos virus artificiales que se dise\u00f1an en laboratorio para la guerra qu\u00edmica.<br \/>\nTambi\u00e9n hay que felicitarse por el buen juicio que demuestran los espa\u00f1oles al situar en cuarto lugar del ranking de problemas: los partidos y la pol\u00edtica en general (mencionados por el 27,5%) y por encima de los problemas econ\u00f3micos (que se\u00f1alan un 21,9%).<br \/>\nEs probable que a la vista de los resultados del CIS Puigdemont y quienes le secundan alimenten la esperanza de estar gan\u00e1ndole la partida a la Espa\u00f1a constitucionalista. Si es as\u00ed creo que son v\u00edctimas de otro espejismo. O sea, justo todo lo contrario. Elevar a segundo problema los conflictos del independentismo sirve para probar precisamente la oposici\u00f3n generalizada \u2013por no decir un\u00e1nime\u2013 que suscita en Espa\u00f1a, en Europa y en el resto del mundo civilizado los fuegos fatuos de la \u2018reliquia\u2019 separatista.<br \/>\n\u00abEl que tiene mala memoria se ahorra muchos remordimientos\u00bb, dice John Osborne. Ese puede ser quiz\u00e1s uno de los consuelos que deber\u00e1n aplicarse los \u00abhuidos hacia adelante\u00bb del desventurado \u2018golpe de Estado\u2019 separatista. Y cuando los hechos, siempre tozudos, les devuelvan a la realidad y las versiones de la historia sean homologables con realidades no manipuladas, sin mentiras y sin anteojeras, quiz\u00e1s alguno \u2013Puigdemont seguro que no\u2013 recuerde que el \u00e9xito (igual que el fracaso) suele ser un impostor.<\/p>\n<!-- AddThis Advanced Settings generic via filter on the_content --><!-- AddThis Share Buttons generic via filter on the_content -->","protected":false},"excerpt":{"rendered":"<p>LOS hechos son tozudos y las opiniones no le andan a la zaga. El \u00faltimo bar\u00f3metro del Centro de Investigaciones Sociol\u00f3gicas (CIS), elaborado tras el refer\u00e9ndum ilegal del 1 de octubre, revela que la crisis por la independencia de Catalu\u00f1a se ha convertido en el segundo mayor problema para los espa\u00f1oles. La escalada ha sido [&hellip;]<!-- AddThis Advanced Settings generic via filter on get_the_excerpt --><!-- AddThis Share Buttons generic via filter on get_the_excerpt --><\/p>\n","protected":false},"author":13,"featured_media":0,"comment_status":"open","ping_status":"closed","sticky":false,"template":"","format":"standard","meta":[],"categories":[1],"tags":[205,1497,319,422,1498,1045,1432,1457],"_links":{"self":[{"href":"https:\/\/blogs.hoy.es\/Juandomingofernandez\/wp-json\/wp\/v2\/posts\/727"}],"collection":[{"href":"https:\/\/blogs.hoy.es\/Juandomingofernandez\/wp-json\/wp\/v2\/posts"}],"about":[{"href":"https:\/\/blogs.hoy.es\/Juandomingofernandez\/wp-json\/wp\/v2\/types\/post"}],"author":[{"embeddable":true,"href":"https:\/\/blogs.hoy.es\/Juandomingofernandez\/wp-json\/wp\/v2\/users\/13"}],"replies":[{"embeddable":true,"href":"https:\/\/blogs.hoy.es\/Juandomingofernandez\/wp-json\/wp\/v2\/comments?post=727"}],"version-history":[{"count":3,"href":"https:\/\/blogs.hoy.es\/Juandomingofernandez\/wp-json\/wp\/v2\/posts\/727\/revisions"}],"predecessor-version":[{"id":732,"href":"https:\/\/blogs.hoy.es\/Juandomingofernandez\/wp-json\/wp\/v2\/posts\/727\/revisions\/732"}],"wp:attachment":[{"href":"https:\/\/blogs.hoy.es\/Juandomingofernandez\/wp-json\/wp\/v2\/media?parent=727"}],"wp:term":[{"taxonomy":"category","embeddable":true,"href":"https:\/\/blogs.hoy.es\/Juandomingofernandez\/wp-json\/wp\/v2\/categories?post=727"},{"taxonomy":"post_tag","embeddable":true,"href":"https:\/\/blogs.hoy.es\/Juandomingofernandez\/wp-json\/wp\/v2\/tags?post=727"}],"curies":[{"name":"wp","href":"https:\/\/api.w.org\/{rel}","templated":true}]}}