{"id":735,"date":"2017-11-24T11:55:52","date_gmt":"2017-11-24T10:55:52","guid":{"rendered":"http:\/\/blogs.hoy.es\/Juandomingofernandez\/?p=735"},"modified":"2017-11-24T11:55:52","modified_gmt":"2017-11-24T10:55:52","slug":"de-la-fatal-intolerancia","status":"publish","type":"post","link":"https:\/\/blogs.hoy.es\/Juandomingofernandez\/2017\/11\/24\/de-la-fatal-intolerancia\/","title":{"rendered":"De la fatal intolerancia"},"content":{"rendered":"<p>Lo\u00a0peor del intolerante emboscado es la aspiraci\u00f3n a que comulgues con ruedas de molino y le agradezcas encima la generosidad del gesto. Como en el mundo de los toros, los intolerantes m\u00e1s peligrosos son los mansos, no los bravos; es decir, aquellos que se camuflan tras la sonrisa meliflua mientras \u2018de facto\u2019, infringen la legalidad y violentan la convivencia. Un ejemplo protot\u00edpico de intolerante emboscado es el diputado Rufi\u00e1n, que simula escandalizarse al tiempo que agita unas esposas desde el esca\u00f1o o <a href=\"https:\/\/twitter.com\/Ruben_Amon\/status\/933317896217989121\">finge asombros<\/a> ante divertidas columnas de opini\u00f3n como \u2018La v\u00eda m\u00edstica de Fray Junqueras\u2019, de Rub\u00e9n Am\u00f3n en \u2018El Pa\u00eds\u2019.<br \/>\nEl intolerante emboscado opera en estos casos igual que aquel energ\u00fameno que acompasaba los bofetones al adversario con la frase: \u00ab\u00a1Que no te estoy pegando&#8230;! \u00a1Que no te estoy pegando&#8230;!\u00bb, intentando desmentir con palabras lo que proclamaban sus manos. Vamos, el no afirmativo&#8230;<br \/>\nPara el intolerante emboscado las respuestas nunca son contestaciones, son agresiones; el hecho de que el vecino se defienda siempre lo considerar\u00e1 un ataque y la exposici\u00f3n de argumentos en su contra (aunque se formulen de la manera m\u00e1s educada e inteligente posible) lo juzgar\u00e1 como un mero desprecio a lo que ha decidido que son \u2018sus\u2019 derechos o \u2018su\u2019 santa voluntad.<br \/>\nHipocres\u00eda y contumacia. El intolerante emboscado retorcer\u00e1 el argumento y la historia hasta que el espejito m\u00e1gico se olvide de Blancanieves y confiese que la m\u00e1s guapa del reino (o de la rep\u00fablica) es la reina bruja de su coalici\u00f3n&#8230;<br \/>\nEl intolerante emboscado suele ser de piel delicada, lleva mal que se le lleve la contraria y sobre todo lleva mal que le den de su misma medicina. Dice Pope que \u00abNuestros prejuicios son igualitos a nuestros relojes: nunca est\u00e1n de acuerdo, pero cada uno cree en el suyo\u00bb. Para el intolerante fatal no hay sin embargo m\u00e1s relojes ni m\u00e1s huso horario que los de su aldea. Los otros siempre son \u00ablos otros\u00bb. La oposici\u00f3n, por ejemplo. Y m\u00e1s si est\u00e1n en minor\u00eda.<br \/>\nFrente a los intolerantes emboscados no cabe la equidistancia ni la indiferencia, a riesgo de incurrir en complicidad. Cuando un dirigente pol\u00edtico se considera \u2018con derecho\u2019 e investido no se sabe con qu\u00e9 mandato de los dioses para subvertir la legalidad y dinamitar una convivencia de siglos, m\u00e1s que un representante p\u00fablico es una amenaza p\u00fablica para la democracia. Para una democracia del siglo XXI, no para una \u2018rep\u00fablica emocional\u2019 en la era de la posverdad. Al igual que otros muchos separatistas crecidos al calor del \u2018proc\u00e9s\u2019, Rufi\u00e1n es m\u00e1s un s\u00edntoma que un problema. Por eso encaja tan mal que haya quien desvele la tramoya del insostenible \u2018proc\u00e9s\u2019 y proclame, como el ni\u00f1o del cuento, que el emperador est\u00e1 desnudo&#8230;<br \/>\nPor desgracia, los primeros damnificados no son los dirigentes pol\u00edticos sino muchos ciudadanos de Catalu\u00f1a leg\u00edtimamente esperanzados en un proyecto de sociedad democr\u00e1tica y con futuro que se disipa por el capricho insensato de quien solo mira su ombligo. Ante este v\u00e9rtigo se entienden mejor que nunca las palabras del siempre sabio<a href=\"https:\/\/es.wikipedia.org\/wiki\/Joseph_Joubert\"> Joseph Joubert<\/a>: \u00abEs mejor que haya muchas personas enga\u00f1adas a que haya muchos granujas\u00bb.<\/p>\n<!-- AddThis Advanced Settings generic via filter on the_content --><!-- AddThis Share Buttons generic via filter on the_content -->","protected":false},"excerpt":{"rendered":"<p>Lo\u00a0peor del intolerante emboscado es la aspiraci\u00f3n a que comulgues con ruedas de molino y le agradezcas encima la generosidad del gesto. Como en el mundo de los toros, los intolerantes m\u00e1s peligrosos son los mansos, no los bravos; es decir, aquellos que se camuflan tras la sonrisa meliflua mientras \u2018de facto\u2019, infringen la legalidad [&hellip;]<!-- AddThis Advanced Settings generic via filter on get_the_excerpt --><!-- AddThis Share Buttons generic via filter on get_the_excerpt --><\/p>\n","protected":false},"author":13,"featured_media":0,"comment_status":"open","ping_status":"closed","sticky":false,"template":"","format":"standard","meta":[],"categories":[1],"tags":[1508,205,319,422,698,1475,1507,1506,1457,1509],"_links":{"self":[{"href":"https:\/\/blogs.hoy.es\/Juandomingofernandez\/wp-json\/wp\/v2\/posts\/735"}],"collection":[{"href":"https:\/\/blogs.hoy.es\/Juandomingofernandez\/wp-json\/wp\/v2\/posts"}],"about":[{"href":"https:\/\/blogs.hoy.es\/Juandomingofernandez\/wp-json\/wp\/v2\/types\/post"}],"author":[{"embeddable":true,"href":"https:\/\/blogs.hoy.es\/Juandomingofernandez\/wp-json\/wp\/v2\/users\/13"}],"replies":[{"embeddable":true,"href":"https:\/\/blogs.hoy.es\/Juandomingofernandez\/wp-json\/wp\/v2\/comments?post=735"}],"version-history":[{"count":1,"href":"https:\/\/blogs.hoy.es\/Juandomingofernandez\/wp-json\/wp\/v2\/posts\/735\/revisions"}],"predecessor-version":[{"id":736,"href":"https:\/\/blogs.hoy.es\/Juandomingofernandez\/wp-json\/wp\/v2\/posts\/735\/revisions\/736"}],"wp:attachment":[{"href":"https:\/\/blogs.hoy.es\/Juandomingofernandez\/wp-json\/wp\/v2\/media?parent=735"}],"wp:term":[{"taxonomy":"category","embeddable":true,"href":"https:\/\/blogs.hoy.es\/Juandomingofernandez\/wp-json\/wp\/v2\/categories?post=735"},{"taxonomy":"post_tag","embeddable":true,"href":"https:\/\/blogs.hoy.es\/Juandomingofernandez\/wp-json\/wp\/v2\/tags?post=735"}],"curies":[{"name":"wp","href":"https:\/\/api.w.org\/{rel}","templated":true}]}}