{"id":737,"date":"2017-11-30T19:29:07","date_gmt":"2017-11-30T18:29:07","guid":{"rendered":"http:\/\/blogs.hoy.es\/Juandomingofernandez\/?p=737"},"modified":"2017-11-30T20:15:37","modified_gmt":"2017-11-30T19:15:37","slug":"de-la-literatura-como-refugio-y-consuelo","status":"publish","type":"post","link":"https:\/\/blogs.hoy.es\/Juandomingofernandez\/2017\/11\/30\/de-la-literatura-como-refugio-y-consuelo\/","title":{"rendered":"De la literatura como refugio y consuelo"},"content":{"rendered":"<p>ES un consuelo que la actualidad reserve huecos, peque\u00f1os refugios donde guarecerse del cansino asunto del separatismo catal\u00e1n y sus matracas colaterales. En los \u00faltimos d\u00edas ese consuelo \u2013al menos en mi caso\u2013 llega en forma de libros, varios de ellos relacionados con autores de la Generaci\u00f3n del 27, que est\u00e1n resultando ser m\u00e1s trascendentes y memorables que muchos personajes pol\u00edticos de aquella \u00e9poca de la que no quedan, como se dice popularmente, ni los rabos&#8230;<br \/>\nUno de esos libros \u2018<a href=\"http:\/\/tienda.edaddeplata.org\/tienda\/SelectProd.do?prodId=286&amp;year=2017&amp;category=novedades&amp;name=Gerardo+Diego%2FJuan+Larrea.+Epistolario%2C+1916-1980&amp;author=Edici%C3%B3n+de+Juan+Manuel+D%C3%ADaz+de+Guere%C3%B1u+y+Jos%C3%A9+Luis+Bernal\">Gerardo Diego-Juan Larrea. Epistolario, 1916-1980<\/a>\u2019, edici\u00f3n de Juan Manuel D\u00edaz de Guere\u00f1u y Jos\u00e9 Luis Bernal, se present\u00f3 el pasado martes en la Residencia de Estudiantes, en Madrid, que lo publica dentro de su proyecto Ep\u00edstola y en coedici\u00f3n con la Fundaci\u00f3n Gerardo Diego.<br \/>\nEl volumen, de 1050 p\u00e1ginas, re\u00fane m\u00e1s de 414 cartas\u00a0que se cruzaron Diego y Larrea entre 1916 y 1980, aunque la mayor\u00eda son anteriores a junio de 1937 cuando la guerra civil interrumpe la correspondencia. Seg\u00fan se\u00f1alan los editores, el periodo m\u00e1s intenso del epistolario documenta la estrecha amistad entre ambos poetas \u2013que se remonta a sus a\u00f1os en Bilbao como alumnos de la Universidad de Deusto\u2013 y \u00abdesgrana el vivo di\u00e1logo po\u00e9tico y personal que mantienen entre ellos durante su etapa de formaci\u00f3n y primera madurez\u00bb, con numerosos datos in\u00e9ditos sobre el proceso creativo de sus obras y de versiones tempranas de poemas que luego vieron la luz.<br \/>\nEs una garant\u00eda que junto a Juan Manuel D\u00edaz de Guere\u00f1u, catedr\u00e1tico de Comunicaci\u00f3n en la Universidad de Deusto y autor de monograf\u00edas sobre Diego y Larrea, se haya encargado de la edici\u00f3n <a href=\"https:\/\/dialnet.unirioja.es\/servlet\/autor?codigo=57223\">Jos\u00e9 Luis Bernal Salgado<\/a> (C\u00e1ceres, 1959), poeta, catedr\u00e1tico de Literatura Espa\u00f1ola en la Universidad de Extremadura, decano de su Facultad de Filosof\u00eda y Letras, autor de varias ediciones y estudios de la obra del santanderino, entre ellos \u2018La biograf\u00eda ultra\u00edsta de Gerardo Diego\u2019 y \u2018Manual de espumas. La plenitud creacionista de Gerardo Diego\u2019, con el que obtuvo precisamente la s\u00e9ptima edici\u00f3n del Premio Internacional Gerardo Diego de investigaci\u00f3n po\u00e9tica.<br \/>\nMil p\u00e1ginas de un epistolario con el fondo de esa Espa\u00f1a que segu\u00eda desperez\u00e1ndose del siglo XIX y por la que desfilan decenas de nombres que van de Rub\u00e9n Dar\u00edo a Juan Ram\u00f3n, de Antonio Machado a Ortega y Gasset, de C\u00e9sar Vallejo a Neruda, m\u00e1s los de Bergam\u00edn, Salinas, Huidobro, Guill\u00e9n, D\u00e1maso Alonso, Aleixandre, Altolaguirre, Cernuda, Alberti&#8230; El universo de la \u2018Edad de Plata\u2019, como la bautiz\u00f3 Jos\u00e9-Carlos Mainer.<br \/>\nUn libro enriquecido con poemas en el que los autores del epistolario no solo desvelan la complicidad de sus gui\u00f1os creativos sino el deslumbrante escenario intelectual y art\u00edstico por el que transitan las figuras clave de ese par\u00e9ntesis espa\u00f1ol.<br \/>\nLa colecci\u00f3n Ep\u00edstola, de la Fundaci\u00f3n Giner de los R\u00edos y la Residencia de Estudiantes, ha publicado ya entre otros los epistolarios de Luis Cernuda, Manuel Altolaguirre y el cruzado entre Juan Ram\u00f3n Jim\u00e9nez y Zenobia Camprub\u00ed. Buena ruta.<\/p>\n<!-- AddThis Advanced Settings generic via filter on the_content --><!-- AddThis Share Buttons generic via filter on the_content -->","protected":false},"excerpt":{"rendered":"<p>ES un consuelo que la actualidad reserve huecos, peque\u00f1os refugios donde guarecerse del cansino asunto del separatismo catal\u00e1n y sus matracas colaterales. En los \u00faltimos d\u00edas ese consuelo \u2013al menos en mi caso\u2013 llega en forma de libros, varios de ellos relacionados con autores de la Generaci\u00f3n del 27, que est\u00e1n resultando ser m\u00e1s trascendentes [&hellip;]<!-- AddThis Advanced Settings generic via filter on get_the_excerpt --><!-- AddThis Share Buttons generic via filter on get_the_excerpt --><\/p>\n","protected":false},"author":13,"featured_media":0,"comment_status":"open","ping_status":"closed","sticky":false,"template":"","format":"standard","meta":[],"categories":[1],"tags":[422,1515,1510,1513,1511,1514,763,1512],"_links":{"self":[{"href":"https:\/\/blogs.hoy.es\/Juandomingofernandez\/wp-json\/wp\/v2\/posts\/737"}],"collection":[{"href":"https:\/\/blogs.hoy.es\/Juandomingofernandez\/wp-json\/wp\/v2\/posts"}],"about":[{"href":"https:\/\/blogs.hoy.es\/Juandomingofernandez\/wp-json\/wp\/v2\/types\/post"}],"author":[{"embeddable":true,"href":"https:\/\/blogs.hoy.es\/Juandomingofernandez\/wp-json\/wp\/v2\/users\/13"}],"replies":[{"embeddable":true,"href":"https:\/\/blogs.hoy.es\/Juandomingofernandez\/wp-json\/wp\/v2\/comments?post=737"}],"version-history":[{"count":2,"href":"https:\/\/blogs.hoy.es\/Juandomingofernandez\/wp-json\/wp\/v2\/posts\/737\/revisions"}],"predecessor-version":[{"id":739,"href":"https:\/\/blogs.hoy.es\/Juandomingofernandez\/wp-json\/wp\/v2\/posts\/737\/revisions\/739"}],"wp:attachment":[{"href":"https:\/\/blogs.hoy.es\/Juandomingofernandez\/wp-json\/wp\/v2\/media?parent=737"}],"wp:term":[{"taxonomy":"category","embeddable":true,"href":"https:\/\/blogs.hoy.es\/Juandomingofernandez\/wp-json\/wp\/v2\/categories?post=737"},{"taxonomy":"post_tag","embeddable":true,"href":"https:\/\/blogs.hoy.es\/Juandomingofernandez\/wp-json\/wp\/v2\/tags?post=737"}],"curies":[{"name":"wp","href":"https:\/\/api.w.org\/{rel}","templated":true}]}}