{"id":744,"date":"2017-12-21T19:16:50","date_gmt":"2017-12-21T18:16:50","guid":{"rendered":"http:\/\/blogs.hoy.es\/Juandomingofernandez\/?p=744"},"modified":"2017-12-21T19:20:58","modified_gmt":"2017-12-21T18:20:58","slug":"la-fundeu-el-destripe-y-el-balon-de-oro","status":"publish","type":"post","link":"https:\/\/blogs.hoy.es\/Juandomingofernandez\/2017\/12\/21\/la-fundeu-el-destripe-y-el-balon-de-oro\/","title":{"rendered":"La Fund\u00e9u, el destripe y el Bal\u00f3n de Oro"},"content":{"rendered":"<p>La Fund\u00e9u, ese benem\u00e9rito organismo en pro del buen uso del espa\u00f1ol en los medios de comunicaci\u00f3n ha desvelado cu\u00e1les son los doce vocablos candidatos a convertirse en palabra del a\u00f1o 2017. En 2013 el t\u00e9rmino elegido fue \u2018escrache\u2019, al que siguieron \u2018selfi\u2019 (2014), \u2018refugiado\u2019 (2015) y \u2018populismo\u2019 (2016).<br \/>\nLas doce seleccionadas en esta edici\u00f3n han sido: \u2018aporofobia\u2019, \u2018aprendibilidad\u2019, \u2018bitc\u00f3in\u2019, \u2018destripe\u2019, \u2018machoexplicaci\u00f3n\u2019, \u2018noticias falsas\u2019, \u2018odiador\u2019, \u2018so\u00f1adores\u2019, \u2018superbacteria\u2019, \u2018trans\u2019,\u2018 turismofobia\u2019 y \u2018uberizaci\u00f3n\u2019.<br \/>\nEl trabajo diario de la <a href=\"http:\/\/www.fundeu.es\/\">Fund\u00e9u<\/a>, \u2013quiz\u00e1s un comando operativo m\u00e1s cercano y menos encopetado que la Real Academia\u2013 prueba esa verdad incontrovertible de que los aut\u00e9nticos due\u00f1os de una lengua, de un idioma, son sus hablantes.<br \/>\nHay palabras y expresiones que gozan de una presencia muy viva durante cierto tiempo pero su vuelo finalmente resulta alicorto; t\u00e9rminos y vocablos m\u00e1s ef\u00edmeros que esas \u2018palabras moribundas\u2019 que selecciona y comenta desde hace a\u00f1os el programa de RNE \u2018No es un d\u00eda cualquiera\u2019. Como en las colecciones de moda o en el universo de los inventos, algunos hallazgos surgen vigorosos, perduran y consiguen incluso fundar una estirpe mientras otros con menor fortuna solo llegan a flor de un d\u00eda y nunca acarician la gloria del registro en el Diccionario.<br \/>\nDe las palabras finalistas este a\u00f1o, la ganadora se dar\u00e1 a conocer el viernes 29 de diciembre. A m\u00ed me parece que bastantes de las escogidas tienen que ver con la desquiciada realidad que ha generado el \u2018proc\u00e9s\u2019 en Catalu\u00f1a y en el resto de Espa\u00f1a. Por ejemplo las expresiones \u2018odiador\u2019, \u2018aporofobia\u2019, \u2018noticias falsas\u2019, \u2018turismofobia\u2019&#8230;, todas ellas vinculadas a la burbuja de \u2018fantas\u00eda emocional\u2019 y tergiversaci\u00f3n hist\u00f3rica que viene alimentando caprichosamente la carcundia separatista en sus variadas modalidades y siglas.<br \/>\nSin embargo, presiento que al final triunfar\u00e1n vocablos como \u2018destripe\u2019 (en lugar del horroroso \u2018spoiler\u2019) o \u2018uberizaci\u00f3n\u2019, relacionadas con el mundo de las nuevas tecnolog\u00edas, de la econom\u00eda colaborativa y tambi\u00e9n con aquella \u2018cultura mosaico\u2019 formulada por Abraham Moles que anticipa nuestro tiempo y nos envuelve.<br \/>\nSe admiten apuestas, aunque parece indiscutible que la Fund\u00e9u est\u00e1 tocada por el instinto del acierto. En la edici\u00f3n del a\u00f1o 2016 triunf\u00f3 \u2018populismo\u2019 pero tambi\u00e9n compet\u00edan \u2018cu\u00f1adismo\u2019, \u2018vendeh\u00famos\u2019, \u2018posverdad\u2019 o \u2018videoarbitraje\u2019, t\u00e9rminos desde luego nada ef\u00edmeros ni moribundos. No conozco la mec\u00e1nica interna para la selecci\u00f3n de la palabra ganadora, pero como en el caso del \u2018Bal\u00f3n de Oro\u2019, que hay a\u00f1o que repite Messi y otros Cristiano Ronaldo, yo propongo que pueda repetir un vocablo ganador si consta su abultada presencia en los medios y el uso generalizado entre los hablantes. De aceptarse la norma quiz\u00e1s comprobar\u00edamos que, por su condici\u00f3n gal\u00e1ctica, las palabras \u2018populismo\u2019, \u2018posverdad\u2019, \u2018destripe\u2019&#8230; podr\u00edan alzarse a\u00f1o s\u00ed y a\u00f1o tambi\u00e9n con el \u2018bal\u00f3n de oro\u2019 del \u00e1mbito hispanoablante<br \/>\n\u2013incluido Catalu\u00f1a, aunque haya a quien le pese.<\/p>\n<!-- AddThis Advanced Settings generic via filter on the_content --><!-- AddThis Share Buttons generic via filter on the_content -->","protected":false},"excerpt":{"rendered":"<p>La Fund\u00e9u, ese benem\u00e9rito organismo en pro del buen uso del espa\u00f1ol en los medios de comunicaci\u00f3n ha desvelado cu\u00e1les son los doce vocablos candidatos a convertirse en palabra del a\u00f1o 2017. En 2013 el t\u00e9rmino elegido fue \u2018escrache\u2019, al que siguieron \u2018selfi\u2019 (2014), \u2018refugiado\u2019 (2015) y \u2018populismo\u2019 (2016). Las doce seleccionadas en esta edici\u00f3n [&hellip;]<!-- AddThis Advanced Settings generic via filter on get_the_excerpt --><!-- AddThis Share Buttons generic via filter on get_the_excerpt --><\/p>\n","protected":false},"author":13,"featured_media":0,"comment_status":"open","ping_status":"closed","sticky":false,"template":"","format":"standard","meta":[],"categories":[1],"tags":[21,262,298,1529,744,840,1024,1383,1530],"_links":{"self":[{"href":"https:\/\/blogs.hoy.es\/Juandomingofernandez\/wp-json\/wp\/v2\/posts\/744"}],"collection":[{"href":"https:\/\/blogs.hoy.es\/Juandomingofernandez\/wp-json\/wp\/v2\/posts"}],"about":[{"href":"https:\/\/blogs.hoy.es\/Juandomingofernandez\/wp-json\/wp\/v2\/types\/post"}],"author":[{"embeddable":true,"href":"https:\/\/blogs.hoy.es\/Juandomingofernandez\/wp-json\/wp\/v2\/users\/13"}],"replies":[{"embeddable":true,"href":"https:\/\/blogs.hoy.es\/Juandomingofernandez\/wp-json\/wp\/v2\/comments?post=744"}],"version-history":[{"count":3,"href":"https:\/\/blogs.hoy.es\/Juandomingofernandez\/wp-json\/wp\/v2\/posts\/744\/revisions"}],"predecessor-version":[{"id":747,"href":"https:\/\/blogs.hoy.es\/Juandomingofernandez\/wp-json\/wp\/v2\/posts\/744\/revisions\/747"}],"wp:attachment":[{"href":"https:\/\/blogs.hoy.es\/Juandomingofernandez\/wp-json\/wp\/v2\/media?parent=744"}],"wp:term":[{"taxonomy":"category","embeddable":true,"href":"https:\/\/blogs.hoy.es\/Juandomingofernandez\/wp-json\/wp\/v2\/categories?post=744"},{"taxonomy":"post_tag","embeddable":true,"href":"https:\/\/blogs.hoy.es\/Juandomingofernandez\/wp-json\/wp\/v2\/tags?post=744"}],"curies":[{"name":"wp","href":"https:\/\/api.w.org\/{rel}","templated":true}]}}