{"id":75,"date":"2007-05-11T00:22:37","date_gmt":"2007-05-11T00:22:37","guid":{"rendered":"http:\/\/blogs.hoy.es\/Juandomingofernandez\/?p=75"},"modified":"2007-05-11T00:22:37","modified_gmt":"2007-05-11T00:22:37","slug":"bowie-cree-erice","status":"publish","type":"post","link":"https:\/\/blogs.hoy.es\/Juandomingofernandez\/2007\/05\/11\/bowie-cree-erice\/","title":{"rendered":"Bowie cree en Erice"},"content":{"rendered":"<p class=\"MsoNormal\"><font face=\"Times New Roman\" size=\"4\">El cantante brit\u00e1nico David Bowie es uno<br \/>\nde los fundadores del festival H&#038;M High Line y Cine Tropical, con el que se<br \/>\nintenta promover el cine iberoamericano y espa\u00f1ol en Nueva York. Para ese<br \/>\nfestival, Bowie ha seleccionado un par de pel\u00edculas: &#8216;Memorias del<br \/>\nsubdesarrollo&#8217; (1968), del cubano Tom\u00e1s Guti\u00e9rrez Alea y &#8216;El esp\u00edritu de la<br \/>\ncolmena&#8217; (1973), de V\u00edctor Erice. La informaci\u00f3n de Efe desde Nueva York a\u00f1ade<br \/>\nque la pel\u00edcula espa\u00f1ola fue seleccionada en la encuesta de la revista &#8216;Time<br \/>\nOut London&#8217; \u00abcomo una de las cien mejores pel\u00edculas del siglo XX\u00bb.<\/font><\/p>\n<p class=\"MsoNormal\"><font face=\"Times New Roman\" size=\"4\">En un primer momento pens\u00e9 que los gustos<br \/>\ncinematogr\u00e1ficos de Bowie andaban un poco anticuados, y m\u00e1s en estos d\u00edas en<br \/>\nque C\u00e1ceres vive coronada por las est\u00e9ticas mestizas y globalizadas del \u00faltimo<br \/>\nFestival Womad. \u00abBowie podr\u00eda haber elegido\u00bb -dije para m\u00ed- \u00abalguna pel\u00edcula<br \/>\nm\u00e1s reciente, por ejemplo de Almod\u00f3var, o de Amen\u00e1bar, o del propio Trueba,<br \/>\ntres directores de \u00e9xito contrastado en Estados Unidos\u00bb. <\/font><\/p>\n<p class=\"MsoNormal\"><font face=\"Times New Roman\" size=\"4\">La curiosidad me empuj\u00f3 a ver de nuevo<br \/>\n&#8216;El esp\u00edritu de la colmena&#8217; y me desvel\u00f3 lo equivocado que estaba. No s\u00f3lo me<br \/>\nparece una obra maestra, sino que como dicen los argentinos de Gardel, con los<br \/>\na\u00f1os, cada vez canta mejor. Erice logra en una pel\u00edcula poblada de silencios y<br \/>\nde sue\u00f1os transmitir la emoci\u00f3n de unas historias a las que no erosiona el<br \/>\ntiempo.&nbsp; Unas historias que son<br \/>\nperdurables y podr\u00edan ser ajenas al lugar donde se rodaron o a la \u00e9poca en que<br \/>\ntranscurren porque est\u00e1n construidas con el material radiactivo de los<br \/>\ns\u00edmbolos, de los sentimientos profundos, universales. <\/font><\/p>\n<p><font face=\"Times New Roman\" size=\"4\">Yo<br \/>\ncreo que con el filme de V\u00edctor Erice (donde borda un peque\u00f1o papel el actor<br \/>\nextreme\u00f1o Juan Margallo) el cine espa\u00f1ol est\u00e1 inmejorablemente representado. De<br \/>\nhecho, y no s\u00e9 si es influencia del Womad o del festival de Nueva York, hasta me<br \/>\nsuenan mejor las canciones del propio Bowie.<\/font><\/p>\n<!-- AddThis Advanced Settings generic via filter on the_content --><!-- AddThis Share Buttons generic via filter on the_content -->","protected":false},"excerpt":{"rendered":"<p>El cantante brit\u00e1nico David Bowie es uno de los fundadores del festival H&#038;M High Line y Cine Tropical, con el que se intenta promover el cine iberoamericano y espa\u00f1ol en Nueva York. Para ese festival, Bowie ha seleccionado un par de pel\u00edculas: &#8216;Memorias del subdesarrollo&#8217; (1968), del cubano Tom\u00e1s Guti\u00e9rrez Alea y &#8216;El esp\u00edritu de [&hellip;]<!-- AddThis Advanced Settings generic via filter on get_the_excerpt --><!-- AddThis Share Buttons generic via filter on get_the_excerpt --><\/p>\n","protected":false},"author":13,"featured_media":0,"comment_status":"open","ping_status":"closed","sticky":false,"template":"","format":"standard","meta":[],"categories":[2],"tags":[],"_links":{"self":[{"href":"https:\/\/blogs.hoy.es\/Juandomingofernandez\/wp-json\/wp\/v2\/posts\/75"}],"collection":[{"href":"https:\/\/blogs.hoy.es\/Juandomingofernandez\/wp-json\/wp\/v2\/posts"}],"about":[{"href":"https:\/\/blogs.hoy.es\/Juandomingofernandez\/wp-json\/wp\/v2\/types\/post"}],"author":[{"embeddable":true,"href":"https:\/\/blogs.hoy.es\/Juandomingofernandez\/wp-json\/wp\/v2\/users\/13"}],"replies":[{"embeddable":true,"href":"https:\/\/blogs.hoy.es\/Juandomingofernandez\/wp-json\/wp\/v2\/comments?post=75"}],"version-history":[{"count":0,"href":"https:\/\/blogs.hoy.es\/Juandomingofernandez\/wp-json\/wp\/v2\/posts\/75\/revisions"}],"wp:attachment":[{"href":"https:\/\/blogs.hoy.es\/Juandomingofernandez\/wp-json\/wp\/v2\/media?parent=75"}],"wp:term":[{"taxonomy":"category","embeddable":true,"href":"https:\/\/blogs.hoy.es\/Juandomingofernandez\/wp-json\/wp\/v2\/categories?post=75"},{"taxonomy":"post_tag","embeddable":true,"href":"https:\/\/blogs.hoy.es\/Juandomingofernandez\/wp-json\/wp\/v2\/tags?post=75"}],"curies":[{"name":"wp","href":"https:\/\/api.w.org\/{rel}","templated":true}]}}