{"id":750,"date":"2018-01-04T18:46:15","date_gmt":"2018-01-04T17:46:15","guid":{"rendered":"http:\/\/blogs.hoy.es\/Juandomingofernandez\/?p=750"},"modified":"2018-01-04T18:46:15","modified_gmt":"2018-01-04T17:46:15","slug":"alvaro-valverde","status":"publish","type":"post","link":"https:\/\/blogs.hoy.es\/Juandomingofernandez\/2018\/01\/04\/alvaro-valverde\/","title":{"rendered":"\u00c1lvaro Valverde"},"content":{"rendered":"<p class=\"x_MsoNormal\"><span lang=\"ES-TRAD\">Para m\u00ed los Reyes Magos se han adelantado este a\u00f1o con la peque\u00f1a antolog\u00eda po\u00e9tica de \u00c1lvaro Valverde ilustrada por Esteban Navarro que acaba de publicar la Editora Regional de Extremadura en su colecci\u00f3n \u2018El Pirata\u2019. Pero no temas, mi buen Yorick, no voy a incurrir en la osad\u00eda de ensayar aqu\u00ed ninguna cr\u00edtica o rese\u00f1a profesional entre otras razones porque ya lo ha hecho, \u2013l\u00facidamente como acostumbra\u2013 el cr\u00edtico y profesor Sim\u00f3n Viola en su blog de literatura \u2018<a href=\"http:\/\/simonviola.blogspot.com.es\/2017\/12\/alvaro-valverde.html\">Notas al margen\u2019<\/a>. Tampoco incurro en exageraci\u00f3n si digo que \u00c1lvaro Valverde es uno de los \u2018grandes\u2019 de la poes\u00eda espa\u00f1ola contempor\u00e1nea, y me acojo, para revalidar mis palabras, al juicio de cr\u00edticos literarios y ant\u00f3logos tales como Jos\u00e9 Luis Garc\u00eda Mart\u00edn, Miguel Garc\u00eda Posada, Luis Antonio de Villena, Juan Cano Ballesta, Andr\u00e9s Soria Olmedo, \u00c1ngel Luis Prieto de Paula, Jos\u00e9 Enrique Mart\u00ednez\u2026; me acojo a la bibliograf\u00eda selecta incluida en este peque\u00f1o volumen o mejor a\u00fan: al imperturbable testimonio de las hemerotecas desde hace treinta a\u00f1os. <\/span><\/p>\n<p class=\"x_MsoNormal\"><span lang=\"ES-TRAD\">De ah\u00ed que encuentre digna de aplauso la publicaci\u00f3n de este libro para difundir entre los m\u00e1s j\u00f3venes la obra de un escritor que se queda deliberadamente en su tierra y funda un \u2018territorio\u2019 po\u00e9tico que trasciende sin embargo lo personal y nos abarca a todos y al mundo. Lo expresa mejor Jordi Doce en su introducci\u00f3n a \u00c1lvaro Valverde \u2018Un centro fugitivo\u2019, antolog\u00eda po\u00e9tica (1985-2010) publicada por La Isla de Siltol\u00e1. Ah\u00ed puede leerse: \u00abDesde la publicaci\u00f3n de \u2018Territorios\u2019 en 1985, esta poes\u00eda se ha esforzado por dar testimonio veraz del paso de un hombre por el mundo. Un pasar en el que la conciencia y los sentidos tratan de aprehender cuanto parece apartarse o escapar de su camino, esto es, el tiempo mismo con sus limos y sedimentos\u00bb. (\u2026) \u00abEl prodigio de la poes\u00eda radica precisamente en esto. Que solo el poeta dotado de una voz y un mundo personales, distintivos, es capaz de hablar en nuestro nombre, mostrar en qu\u00e9 radica nuestra vida\u00bb.<\/span><\/p>\n<p class=\"x_MsoNormal\"><span lang=\"ES-TRAD\">Me parece tambi\u00e9n un acierto que la antolog\u00eda se abra con ese poema que seleccion\u00f3 Jos\u00e9 Luis Garc\u00eda Mart\u00edn en \u2018La generaci\u00f3n de los 80\u2019 y en el que \u00c1lvaro Valverde parece fijar los l\u00edmites de su para\u00edso cuando habla de: \u00abHojas de acanto y rosas, \/ una vieja piedra de molino y enramadas, \/ el suelo tejido de una hiedra fresca. \/ (\u2026) Aqu\u00ed, en el huerto sombr\u00edo \/ donde las horas son luz tamizada \/ y del lim\u00f3n aroma.\/ Hagamos de este lugar un territorio\u00bb. Y cuyo rev\u00e9s, a modo de eco, percibo en el poema \u2018Estela\u2019, de \u2018Ensayando c\u00edrculos\u2019, texto en cuyos versos finales resuena la musicalidad de la \u2018Canci\u00f3n a las ruinas de It\u00e1lica\u2019, de Rodrigo Caro: \u00abViajero que ahora pasas, \/ ten presente \/ que estas ruinas fueron \/ andamios una vez, \/ hombres silbando\u00bb. La vida misma. <\/span><\/p>\n<p class=\"x_MsoNormal\"><span lang=\"ES-TRAD\">Yo no quitar\u00eda, claro est\u00e1, ninguno de los poemas seleccionados pero hubiera incluido el \u2018Entonces la muerte\u2019 (4) de su libro \u2018Desde fuera\u2019, al que Fernando Aramburu (el autor de \u2018Patria\u2019) dedic\u00f3 en el Suplemento de cultura \u2018Territorios\u2019 una p\u00e1gina iluminadora que yo creo que vale por toda una galer\u00eda de reconocimientos y premios.<\/span><\/p>\n<!-- AddThis Advanced Settings generic via filter on the_content --><!-- AddThis Share Buttons generic via filter on the_content -->","protected":false},"excerpt":{"rendered":"<p>Para m\u00ed los Reyes Magos se han adelantado este a\u00f1o con la peque\u00f1a antolog\u00eda po\u00e9tica de \u00c1lvaro Valverde ilustrada por Esteban Navarro que acaba de publicar la Editora Regional de Extremadura en su colecci\u00f3n \u2018El Pirata\u2019. Pero no temas, mi buen Yorick, no voy a incurrir en la osad\u00eda de ensayar aqu\u00ed ninguna cr\u00edtica o [&hellip;]<!-- AddThis Advanced Settings generic via filter on get_the_excerpt --><!-- AddThis Share Buttons generic via filter on get_the_excerpt --><\/p>\n","protected":false},"author":13,"featured_media":0,"comment_status":"open","ping_status":"closed","sticky":false,"template":"","format":"standard","meta":[],"categories":[1],"tags":[62,1535,1534,477,1536,1442,763,1005,1014,1537],"_links":{"self":[{"href":"https:\/\/blogs.hoy.es\/Juandomingofernandez\/wp-json\/wp\/v2\/posts\/750"}],"collection":[{"href":"https:\/\/blogs.hoy.es\/Juandomingofernandez\/wp-json\/wp\/v2\/posts"}],"about":[{"href":"https:\/\/blogs.hoy.es\/Juandomingofernandez\/wp-json\/wp\/v2\/types\/post"}],"author":[{"embeddable":true,"href":"https:\/\/blogs.hoy.es\/Juandomingofernandez\/wp-json\/wp\/v2\/users\/13"}],"replies":[{"embeddable":true,"href":"https:\/\/blogs.hoy.es\/Juandomingofernandez\/wp-json\/wp\/v2\/comments?post=750"}],"version-history":[{"count":1,"href":"https:\/\/blogs.hoy.es\/Juandomingofernandez\/wp-json\/wp\/v2\/posts\/750\/revisions"}],"predecessor-version":[{"id":751,"href":"https:\/\/blogs.hoy.es\/Juandomingofernandez\/wp-json\/wp\/v2\/posts\/750\/revisions\/751"}],"wp:attachment":[{"href":"https:\/\/blogs.hoy.es\/Juandomingofernandez\/wp-json\/wp\/v2\/media?parent=750"}],"wp:term":[{"taxonomy":"category","embeddable":true,"href":"https:\/\/blogs.hoy.es\/Juandomingofernandez\/wp-json\/wp\/v2\/categories?post=750"},{"taxonomy":"post_tag","embeddable":true,"href":"https:\/\/blogs.hoy.es\/Juandomingofernandez\/wp-json\/wp\/v2\/tags?post=750"}],"curies":[{"name":"wp","href":"https:\/\/api.w.org\/{rel}","templated":true}]}}