{"id":752,"date":"2018-01-11T20:33:39","date_gmt":"2018-01-11T19:33:39","guid":{"rendered":"http:\/\/blogs.hoy.es\/Juandomingofernandez\/?p=752"},"modified":"2018-01-11T20:33:39","modified_gmt":"2018-01-11T19:33:39","slug":"nuccio-ordine-y-sus-clasicos-para-la-vida","status":"publish","type":"post","link":"https:\/\/blogs.hoy.es\/Juandomingofernandez\/2018\/01\/11\/nuccio-ordine-y-sus-clasicos-para-la-vida\/","title":{"rendered":"Nuccio Ordine y sus &#8216;Cl\u00e1sicos para la vida&#8217;"},"content":{"rendered":"<p>CUENTA Nuccio Ordine, fil\u00f3sofo y profesor de Literatura italiana en la Universidad de Calabria, que durante quince a\u00f1os todos los lunes en el primer semestre le\u00eda a sus alumnos breves citas de escritores, fil\u00f3sofos, artistas o cient\u00edficos a los que luego dedicaba media hora de comentarios y debate. A esas clases se sumaban adem\u00e1s de sus alumnos habituales, muchos estudiantes matriculados en otros departamentos human\u00edsticos y cient\u00edficos, \u00abo incluso\u00bb, a\u00f1ade Ordine, \u00abamigos de los asistentes, atra\u00eddos simplemente por la curiosidad de escuchar la palabra de un poeta o un novelista\u00bb.<br \/>\nEsos textos los fue transformando en una columna semanal para el prestigioso suplemento del \u2018Corriere della Sera\u2019 e integran ahora la compilaci\u00f3n reunida en el libro \u2018Cl\u00e1sicos para la vida. Una peque\u00f1a biblioteca ideal\u2019 (Acantilado), del que G. Steiner ha escrito: \u00abPocos libros sobre la relaci\u00f3n entre el arte, la literatura y la historia de las ideas resultan tan apasionantes y luminosas como el de Nuccio Ordine\u00bb.<br \/>\nDe alguna forma este libro es una vuelta de tuerca a su ensayo \u2018<a href=\"http:\/\/www.acantilado.es\/catalogo\/la-utilidad-de-lo-inutil\/\">La utilidad de lo in\u00fatil<\/a>\u2019, donde cargaba l\u00facidamente contra lo que denomina \u00abla dictadura del provecho\u00bb, el sentido mercantilista de la universidad y vindicaba una vuelta a las humanidades como el mejor ant\u00eddoto contra la barbarie. Una vuelta a las humanidades y a los cl\u00e1sicos.<br \/>\nPor aqu\u00ed desfilan la experiencia vital de Albert Camus y su conmovedora carta al se\u00f1or Germain, su maestro en la escuela; el ejemplo de Cavafis y el simbolismo del poema \u2018\u00cdtaca\u2019 (lo que importa es el viaje, no la meta) hasta las hondas lecciones de Nietzsche acerca del \u2018b\u00e1lsamo\u2019 que constituye en cualquier aprendizaje la lentitud y la filolog\u00eda.<br \/>\nOrdine nos incita a profundizar en las obras de Hip\u00f3crates, Plat\u00f3n, Thomas Mann, Maquiavelo, Marguerite Yourcenar, Goethe, Stefan Zweig, Borges, Giordano Bruno, Rilke, Dickens, Primo Levi, Cervantes, Boccacio, Daniel Defoe, Graci\u00e1n, Ariosto, Rabelais, Saint-Exup\u00e9ry, Montaigne, Swift, Moli\u00e8re, Ben Jonson, Garc\u00eda M\u00e1rquez, Montale, Plauto, Homero, Balzac, Guy de Maupassant, Flaubert, Italo Calvino, Czeslaw Milosz, Rostand, Montesquieu, John Donne, Pessoa, Estuart Mill, Albert Einstein&#8230;<br \/>\nCreo que el m\u00e9rito de Ordine no consiste solo en la selecci\u00f3n de obras y autores, sino en la jerarquizaci\u00f3n (por decirlo as\u00ed) de su mirada. Cuando habla de Saint-Exup\u00e9ry, por ejemplo, glosa este fragmento de su obra inacabada \u2018Ciudadela\u2019: \u00abNo confundas el amor con el delirio de la posesi\u00f3n, que causa los peores sufrimientos. Porque al contrario de lo que suele pensarse, el amor no hace sufrir. Lo que hace sufrir es el instinto de la propiedad, que es lo contrario del amor\u00bb. \u00bfAlguien desvela con m\u00e1s acierto la clave de la violencia machista actual? A m\u00ed me parece este libro un fest\u00edn de sabidur\u00eda y lucidez. Y de compromiso con Europa, el Hombre (con may\u00fascula) y la cultura. Ordine rehuye lo moralizante y estetizante, pero nunca lo moral. Y nos regala el testimonio de cl\u00e1sicos, \u2013entre otros el Thomas Mann de \u2018Los Buddenbrook\u2019\u2013 con las contradicciones del capitalismo, la conciencia y los negocios.<\/p>\n<!-- AddThis Advanced Settings generic via filter on the_content --><!-- AddThis Share Buttons generic via filter on the_content -->","protected":false},"excerpt":{"rendered":"<p>CUENTA Nuccio Ordine, fil\u00f3sofo y profesor de Literatura italiana en la Universidad de Calabria, que durante quince a\u00f1os todos los lunes en el primer semestre le\u00eda a sus alumnos breves citas de escritores, fil\u00f3sofos, artistas o cient\u00edficos a los que luego dedicaba media hora de comentarios y debate. A esas clases se sumaban adem\u00e1s de [&hellip;]<!-- AddThis Advanced Settings generic via filter on get_the_excerpt --><!-- AddThis Share Buttons generic via filter on get_the_excerpt --><\/p>\n","protected":false},"author":13,"featured_media":0,"comment_status":"open","ping_status":"closed","sticky":false,"template":"","format":"standard","meta":[],"categories":[1],"tags":[40,1542,237,416,448,1539,763,1540,1538,1141,1143,1541],"_links":{"self":[{"href":"https:\/\/blogs.hoy.es\/Juandomingofernandez\/wp-json\/wp\/v2\/posts\/752"}],"collection":[{"href":"https:\/\/blogs.hoy.es\/Juandomingofernandez\/wp-json\/wp\/v2\/posts"}],"about":[{"href":"https:\/\/blogs.hoy.es\/Juandomingofernandez\/wp-json\/wp\/v2\/types\/post"}],"author":[{"embeddable":true,"href":"https:\/\/blogs.hoy.es\/Juandomingofernandez\/wp-json\/wp\/v2\/users\/13"}],"replies":[{"embeddable":true,"href":"https:\/\/blogs.hoy.es\/Juandomingofernandez\/wp-json\/wp\/v2\/comments?post=752"}],"version-history":[{"count":1,"href":"https:\/\/blogs.hoy.es\/Juandomingofernandez\/wp-json\/wp\/v2\/posts\/752\/revisions"}],"predecessor-version":[{"id":753,"href":"https:\/\/blogs.hoy.es\/Juandomingofernandez\/wp-json\/wp\/v2\/posts\/752\/revisions\/753"}],"wp:attachment":[{"href":"https:\/\/blogs.hoy.es\/Juandomingofernandez\/wp-json\/wp\/v2\/media?parent=752"}],"wp:term":[{"taxonomy":"category","embeddable":true,"href":"https:\/\/blogs.hoy.es\/Juandomingofernandez\/wp-json\/wp\/v2\/categories?post=752"},{"taxonomy":"post_tag","embeddable":true,"href":"https:\/\/blogs.hoy.es\/Juandomingofernandez\/wp-json\/wp\/v2\/tags?post=752"}],"curies":[{"name":"wp","href":"https:\/\/api.w.org\/{rel}","templated":true}]}}