{"id":757,"date":"2018-01-25T19:54:18","date_gmt":"2018-01-25T18:54:18","guid":{"rendered":"http:\/\/blogs.hoy.es\/Juandomingofernandez\/?p=757"},"modified":"2018-01-25T19:54:18","modified_gmt":"2018-01-25T18:54:18","slug":"la-vejez-la-soledad-y-otros-estragos","status":"publish","type":"post","link":"https:\/\/blogs.hoy.es\/Juandomingofernandez\/2018\/01\/25\/la-vejez-la-soledad-y-otros-estragos\/","title":{"rendered":"La vejez, la soledad y otros estragos"},"content":{"rendered":"<p>LA vejez y la soledad crecen unidas igual que la enredadera que trepa por el \u00e1rbol. A veces la soledad de la persona mayor \u2013incluso rodeada de seres queridos permanentemente\u2013 no es tanto una realidad f\u00edsica sino un sentimiento de n\u00e1ufrago, de \u2018robinsoncrusoe\u2019 que le va alejando de ese ayer compartido con sombras que ya son ausencias y recuerdos que se diluyen en el calendario. Unos recuerdos que como bien advierte Flaubert \u00abno pueblan nuestra soledad, como suele decirse, antes al contrario, la hacen m\u00e1s profunda\u00bb. La soledad con casillas en blanco.<br \/>\nNo la soledad buscada, sino la impuesta; no la que nos libera, sino la que nos condena. No aquella soledad de Henry David Thoreau satisfecho en su caba\u00f1a perdida en el bosque: \u00abJam\u00e1s hall\u00e9 compa\u00f1\u00eda m\u00e1s sociable que la soledad\u00bb.<br \/>\nEs un problema de tales dimensiones que la primera ministra de Reino Unido, Theresa May ha anunciado la creaci\u00f3n de un departamento, dependiente del Ministerio de Sociedad Civil, para luchar contra el aislamiento que sienten nueve millones de brit\u00e1nicos. Seg\u00fan <a href=\"http:\/\/www.hoy.es\/internacional\/union-europea\/britanicos-solos-20180118003248-ntrc.html\">informa<\/a> \u00c1lvaro Soto, la soledad se ha convertido en una \u00abepidemia nacional\u00bb en Reino Unido, donde los m\u00e9dicos atienden a una media de entre uno y cinco pacientes al d\u00eda por esta causa. Los datos que revela el informe ministerial son inquietantes: de los nueve millones de brit\u00e1nicos que se sienten aislados, la mayor\u00eda de quienes superan los 75 a\u00f1os viven solos (igual que los adultos con discapacidad) y 200.000 personas aseguran que pasan hasta un mes sin hablar con un amigo o con un familiar. \u00abPorque la soledad mata\u00bb, se\u00f1ala \u00c1lvaro Soto. \u00abQuienes no mantienen contacto con nadie tienen m\u00e1s probabilidades de sufrir demencia, mortalidad temprana y alta presi\u00f3n arterial. Los m\u00e9dicos dicen que estar solo es peor que fumar quince cigarrillos al d\u00eda\u00bb.<br \/>\nEn el caso de Espa\u00f1a el panorama tambi\u00e9n resulta alarmante. Seg\u00fan el Instituto Nacional de Estad\u00edstica (INE) el n\u00famero de hogares unipersonales es de 4.6 millones, de los que el 41,7% corresponde a mayores de 65 a\u00f1os y de ellos, el 70,7% son mujeres. Cada a\u00f1o aumenta el n\u00famero de personas que viven solas en nuestro pa\u00eds.<br \/>\nLa decisi\u00f3n del gobierno brit\u00e1nico, planteada en colaboraci\u00f3n con voluntarios, empresas y otras instituciones, creo que constituye una magn\u00edfica referencia para el conjunto de las sociedades europeas, donde causa estragos la epidemia de la soledad. Todav\u00eda me conmueve la historia de aquellos ancianos italianos de 89 a\u00f1os ella y 93 su marido al que los vecinos llamaron a la polic\u00eda ante los llantos desconsolados que sal\u00edan de su piso. Cuando llegaron los agentes descubrieron que all\u00ed no se hab\u00eda producido ninguna otra violencia que la del golpe desgarrador de sentirse solos.<br \/>\nQuiz\u00e1s la mejor manera de medir la altura moral de una sociedad sea observando c\u00f3mo trata a los ancianos y a los ni\u00f1os. Y de manera prioritaria a quienes padecen la soledad impuesta. Dec\u00eda Joseph Joubert que \u00abla vida es un pa\u00eds que los viejos han visto y en el que han habitado\u00bb. Qui\u00e9n iba a suponer que ese pa\u00eds, ahora, lo pueblan en soledad.<\/p>\n<!-- AddThis Advanced Settings generic via filter on the_content --><!-- AddThis Share Buttons generic via filter on the_content -->","protected":false},"excerpt":{"rendered":"<p>LA vejez y la soledad crecen unidas igual que la enredadera que trepa por el \u00e1rbol. A veces la soledad de la persona mayor \u2013incluso rodeada de seres queridos permanentemente\u2013 no es tanto una realidad f\u00edsica sino un sentimiento de n\u00e1ufrago, de \u2018robinsoncrusoe\u2019 que le va alejando de ese ayer compartido con sombras que ya [&hellip;]<!-- AddThis Advanced Settings generic via filter on get_the_excerpt --><!-- AddThis Share Buttons generic via filter on get_the_excerpt --><\/p>\n","protected":false},"author":13,"featured_media":0,"comment_status":"open","ping_status":"closed","sticky":false,"template":"","format":"standard","meta":[],"categories":[1],"tags":[1550,422,493,1551,701,1094,1204,1549,1316],"_links":{"self":[{"href":"https:\/\/blogs.hoy.es\/Juandomingofernandez\/wp-json\/wp\/v2\/posts\/757"}],"collection":[{"href":"https:\/\/blogs.hoy.es\/Juandomingofernandez\/wp-json\/wp\/v2\/posts"}],"about":[{"href":"https:\/\/blogs.hoy.es\/Juandomingofernandez\/wp-json\/wp\/v2\/types\/post"}],"author":[{"embeddable":true,"href":"https:\/\/blogs.hoy.es\/Juandomingofernandez\/wp-json\/wp\/v2\/users\/13"}],"replies":[{"embeddable":true,"href":"https:\/\/blogs.hoy.es\/Juandomingofernandez\/wp-json\/wp\/v2\/comments?post=757"}],"version-history":[{"count":1,"href":"https:\/\/blogs.hoy.es\/Juandomingofernandez\/wp-json\/wp\/v2\/posts\/757\/revisions"}],"predecessor-version":[{"id":758,"href":"https:\/\/blogs.hoy.es\/Juandomingofernandez\/wp-json\/wp\/v2\/posts\/757\/revisions\/758"}],"wp:attachment":[{"href":"https:\/\/blogs.hoy.es\/Juandomingofernandez\/wp-json\/wp\/v2\/media?parent=757"}],"wp:term":[{"taxonomy":"category","embeddable":true,"href":"https:\/\/blogs.hoy.es\/Juandomingofernandez\/wp-json\/wp\/v2\/categories?post=757"},{"taxonomy":"post_tag","embeddable":true,"href":"https:\/\/blogs.hoy.es\/Juandomingofernandez\/wp-json\/wp\/v2\/tags?post=757"}],"curies":[{"name":"wp","href":"https:\/\/api.w.org\/{rel}","templated":true}]}}