{"id":759,"date":"2018-02-01T20:43:38","date_gmt":"2018-02-01T19:43:38","guid":{"rendered":"http:\/\/blogs.hoy.es\/Juandomingofernandez\/?p=759"},"modified":"2018-02-01T20:43:38","modified_gmt":"2018-02-01T19:43:38","slug":"puigdemont-macguffin-y-la-gallina","status":"publish","type":"post","link":"https:\/\/blogs.hoy.es\/Juandomingofernandez\/2018\/02\/01\/puigdemont-macguffin-y-la-gallina\/","title":{"rendered":"Puigdemont, Macguffin y la gallina"},"content":{"rendered":"<p>Todo lo que se ignora, se desprecia\u00bb, advert\u00eda don Antonio Machado. Y aunque siempre hay ciertos \u2018agujeros de ignorancia\u2019 que se pueden tapar, lo malo es cuando el agujero, adem\u00e1s de espacio hueco contiene un prejuicio, que es una verdad adulterada, un resabio, una falsedad. El aire que ocupa la ignorancia \u2013el vac\u00edo\u2013 puede rellenarse con certezas, pueden sustituirlo la informaci\u00f3n, los datos, el conocimiento&#8230; Lo malo es cuando en el agujero anida un prejuicio. Por eso sostiene Diderot que la ignorancia est\u00e1 menos lejos de la verdad que el prejuicio. Mucho m\u00e1s que el ignorante yerra quien tiene la mente ofuscada por los prejuicios, quien se obstina en la prevenci\u00f3n intransigente.<br \/>\n\u00bfY a qu\u00e9 viene tan largo pre\u00e1mbulo?, te preguntar\u00e1s, mi buen Yorik. Pues al pol\u00e9mico asunto del mensaje de m\u00f3vil de Puigdemont y el conseller huido Toni Com\u00edn. No voy a entrar en la porf\u00eda de si es legal o ilegal la grabaci\u00f3n y difusi\u00f3n de esos mensajes. Todo eso ahora me parece secundario, anecd\u00f3tico. Creo que se trata de uno de aquellos \u2018Macguffin\u2019 que utilizaba Alfred Hitchcock en las tramas de sus pel\u00edculas para hacer que avanzara la historia aunque se tratase de algo sin mayor relevancia en el resultado final. Una especie de recurso o truco para mantener el \u2018suspense\u2019: una argucia argumental.<br \/>\nAs\u00ed que las diatribas sobre el mensaje grabado en el m\u00f3vil de uno de los huidos a B\u00e9lgica se eleva a las alturas medi\u00e1ticas igual que el humo de una escandalera y nos distrae a todos (como los \u2018Macguffin\u2019 de Hitchcock) de otras circunstancias y aspectos esenciales de los protagonistas: su condici\u00f3n de huidos de la justicia y presuntos delincuentes.<br \/>\nEste episodio de los mensajes (no su contenido) me recuerda la historia de la gallina en la selva, que ya he contado en otras ocasiones. Un grupo de exploradores somete a los miembros de una tribuna africana al experimento de proyectarles el documental de una boda regia en Europa. En la pel\u00edcula se ven carrozas engalanadas, palacios, escenas de baile, gente arremolinada en las calles aplaudiendo al paso de los contrayentes&#8230; Al finalizar la proyecci\u00f3n preguntan qu\u00e9 es lo que m\u00e1s les ha gustado. Nadie se atreve a hablar. Por el fin el jefe de la tribu dice: \u00abLa gallina. Eso es lo que m\u00e1s no ha gustado\u00bb. At\u00f3nitos, los exploradores se miran desconcertados y deciden visionar de nuevo la pel\u00edcula. Descubren que mientras la carroza avanza escoltada por vistosos jinetes se percibe apenas durante d\u00e9cimas de segundo el vuelo alicorto de una gallina. En ese detalle es en el \u00fanico que repararon o al menos, el \u00fanico que llam\u00f3 su atenci\u00f3n&#8230; Yo creo que esa \u2018voland\u00e1\u2019 de lo intrascendente, de lo secundario, es tambi\u00e9n la met\u00e1fora de una digresi\u00f3n informativa. No el mensaje en s\u00ed.<br \/>\nY al separatismo golpista, al que se empecina en hacernos tragar como leg\u00edtimo lo que en el fondo y en la forma atenta contra la Constituci\u00f3n y la convivencia del conjunto de los espa\u00f1oles le vienen de perlas estas diatribas. Sirven a sus intereses m\u00e1s que por contribuir a \u2018su\u2019 causa, por dar verosimilitud de legalidad a planteamientos llenos de prejuicios, de odio e ignorancia.<\/p>\n<!-- AddThis Advanced Settings generic via filter on the_content --><!-- AddThis Share Buttons generic via filter on the_content -->","protected":false},"excerpt":{"rendered":"<p>Todo lo que se ignora, se desprecia\u00bb, advert\u00eda don Antonio Machado. Y aunque siempre hay ciertos \u2018agujeros de ignorancia\u2019 que se pueden tapar, lo malo es cuando el agujero, adem\u00e1s de espacio hueco contiene un prejuicio, que es una verdad adulterada, un resabio, una falsedad. El aire que ocupa la ignorancia \u2013el vac\u00edo\u2013 puede rellenarse [&hellip;]<!-- AddThis Advanced Settings generic via filter on get_the_excerpt --><!-- AddThis Share Buttons generic via filter on get_the_excerpt --><\/p>\n","protected":false},"author":13,"featured_media":0,"comment_status":"open","ping_status":"closed","sticky":false,"template":"","format":"standard","meta":[],"categories":[1],"tags":[86,1554,1556,205,276,319,1552,422,1553,606,1475,1476,1015,1032,1087,1555],"_links":{"self":[{"href":"https:\/\/blogs.hoy.es\/Juandomingofernandez\/wp-json\/wp\/v2\/posts\/759"}],"collection":[{"href":"https:\/\/blogs.hoy.es\/Juandomingofernandez\/wp-json\/wp\/v2\/posts"}],"about":[{"href":"https:\/\/blogs.hoy.es\/Juandomingofernandez\/wp-json\/wp\/v2\/types\/post"}],"author":[{"embeddable":true,"href":"https:\/\/blogs.hoy.es\/Juandomingofernandez\/wp-json\/wp\/v2\/users\/13"}],"replies":[{"embeddable":true,"href":"https:\/\/blogs.hoy.es\/Juandomingofernandez\/wp-json\/wp\/v2\/comments?post=759"}],"version-history":[{"count":1,"href":"https:\/\/blogs.hoy.es\/Juandomingofernandez\/wp-json\/wp\/v2\/posts\/759\/revisions"}],"predecessor-version":[{"id":760,"href":"https:\/\/blogs.hoy.es\/Juandomingofernandez\/wp-json\/wp\/v2\/posts\/759\/revisions\/760"}],"wp:attachment":[{"href":"https:\/\/blogs.hoy.es\/Juandomingofernandez\/wp-json\/wp\/v2\/media?parent=759"}],"wp:term":[{"taxonomy":"category","embeddable":true,"href":"https:\/\/blogs.hoy.es\/Juandomingofernandez\/wp-json\/wp\/v2\/categories?post=759"},{"taxonomy":"post_tag","embeddable":true,"href":"https:\/\/blogs.hoy.es\/Juandomingofernandez\/wp-json\/wp\/v2\/tags?post=759"}],"curies":[{"name":"wp","href":"https:\/\/api.w.org\/{rel}","templated":true}]}}