{"id":76,"date":"2007-05-22T00:15:08","date_gmt":"2007-05-22T00:15:08","guid":{"rendered":"http:\/\/blogs.hoy.es\/Juandomingofernandez\/?p=76"},"modified":"2007-05-22T00:15:08","modified_gmt":"2007-05-22T00:15:08","slug":"tintin-el-mitin","status":"publish","type":"post","link":"https:\/\/blogs.hoy.es\/Juandomingofernandez\/2007\/05\/22\/tintin-el-mitin\/","title":{"rendered":"\u00bfTint\u00edn en el mitin?"},"content":{"rendered":"<p class=\"MsoNormal\"><font face=\"Times New Roman\" size=\"4\"><span lang=\"ES-TRAD\">De haber vivido, Georges Remi -m\u00e1s<br \/>\nconocido como Herg\u00e9, el creador de Tint\u00edn- hubiera cumplido hoy, martes, 22 de<br \/>\nmayo, cien a\u00f1os. A la sombra de esa efem\u00e9ride, los peri\u00f3dicos llevan semanas<br \/>\nrecordando la figura del dibujante belga y la de su famos\u00edsimo personaje, al<br \/>\nque casi todos suelen referirse como \u00abel intr\u00e9pido reportero\u00bb. Yo creo que no<br \/>\nes para tanto. Puestos a elegir, antes que esos bombachos raneros de Tint\u00edn, a<br \/>\nm\u00ed me gustaba m\u00e1s la pinta de El Capit\u00e1n Trueno o la de El Jabato, que adem\u00e1s<br \/>\nrepart\u00edan mandobles a troche y moche mientras exclamaban divertidos \u00ab\u00bfQu\u00e9 te<br \/>\nparece esto?\u00bb <\/span><\/font><\/p>\n<p class=\"MsoNormal\"><font face=\"Times New Roman\" size=\"4\"><span lang=\"ES-TRAD\">Despu\u00e9s est\u00e1 lo de las compa\u00f1\u00edas. De<br \/>\npeque\u00f1o no entend\u00eda muy bien esas amistades tan raras de Tint\u00edn: el capit\u00e1n<br \/>\nHaddock, el profesor Tornasol o los chiflados Hern\u00e1ndez y Fern\u00e1ndez, cuando El<br \/>\nCapit\u00e1n Trueno o El Jabato ten\u00edan a sus inseparables Goliat y Taurus, Crisp\u00edn y<br \/>\nFideo de Mileto. Y luego las mujeres: la reina Sigrid y la noble Claudia (con<br \/>\nel comedimiento de la \u00e9poca), pero al fin y al cabo mujeres, mientras que al \u00abintr\u00e9pido<br \/>\nreportero\u00bb no se le conoc\u00eda ni una triste novia, tan s\u00f3lo la escolta de Mil\u00fa,<br \/>\nsu fox-terrier parlanch\u00edn y ladrador. <\/span><\/font><\/p>\n<p class=\"MsoNormal\"><font face=\"Times New Roman\" size=\"4\"><span lang=\"ES-TRAD\">Con todo, lo que me parece peor de<br \/>\nTint\u00edn, lo que me resulta insufrible es la vida que se rifa: viaja por todo el<br \/>\nmundo -este s\u00ed que &#8216;gratis total&#8217;-, nunca se le ve discutir con su director (ni<br \/>\nsiquiera con el redactor jefe) y lo que m\u00e1s me enerva: mucha investigaci\u00f3n y<br \/>\naventura, pero \u00bfd\u00f3nde, a qu\u00e9 hora, y c\u00f3mo escribe las cr\u00f3nicas? <\/span><\/font><\/p>\n<p class=\"MsoNormal\"><font face=\"Times New Roman\" size=\"4\"><span lang=\"ES-TRAD\">Reconozco que lo que de verdad me hubiera<br \/>\ngustado es que Herg\u00e9 situara a la tropa de sus personajes cubriendo una campa\u00f1a<br \/>\nelectoral de mitin en mitin. Ver\u00edas t\u00fa que pronto iban a saber lo que es una<br \/>\naventura trepidante con los protagonistas &#8216;reparti\u00e9ndose&#8217; mandobles -de<br \/>\npalabra, claro es- y sin el contrapunto ir\u00f3nico del \u00ab\u00bfQu\u00e9 te parece esto?\u00bb<\/span><\/font><\/p>\n<!-- AddThis Advanced Settings generic via filter on the_content --><!-- AddThis Share Buttons generic via filter on the_content -->","protected":false},"excerpt":{"rendered":"<p>De haber vivido, Georges Remi -m\u00e1s conocido como Herg\u00e9, el creador de Tint\u00edn- hubiera cumplido hoy, martes, 22 de mayo, cien a\u00f1os. A la sombra de esa efem\u00e9ride, los peri\u00f3dicos llevan semanas recordando la figura del dibujante belga y la de su famos\u00edsimo personaje, al que casi todos suelen referirse como \u00abel intr\u00e9pido reportero\u00bb. Yo [&hellip;]<!-- AddThis Advanced Settings generic via filter on get_the_excerpt --><!-- AddThis Share Buttons generic via filter on get_the_excerpt --><\/p>\n","protected":false},"author":13,"featured_media":0,"comment_status":"open","ping_status":"closed","sticky":false,"template":"","format":"standard","meta":[],"categories":[2],"tags":[],"_links":{"self":[{"href":"https:\/\/blogs.hoy.es\/Juandomingofernandez\/wp-json\/wp\/v2\/posts\/76"}],"collection":[{"href":"https:\/\/blogs.hoy.es\/Juandomingofernandez\/wp-json\/wp\/v2\/posts"}],"about":[{"href":"https:\/\/blogs.hoy.es\/Juandomingofernandez\/wp-json\/wp\/v2\/types\/post"}],"author":[{"embeddable":true,"href":"https:\/\/blogs.hoy.es\/Juandomingofernandez\/wp-json\/wp\/v2\/users\/13"}],"replies":[{"embeddable":true,"href":"https:\/\/blogs.hoy.es\/Juandomingofernandez\/wp-json\/wp\/v2\/comments?post=76"}],"version-history":[{"count":0,"href":"https:\/\/blogs.hoy.es\/Juandomingofernandez\/wp-json\/wp\/v2\/posts\/76\/revisions"}],"wp:attachment":[{"href":"https:\/\/blogs.hoy.es\/Juandomingofernandez\/wp-json\/wp\/v2\/media?parent=76"}],"wp:term":[{"taxonomy":"category","embeddable":true,"href":"https:\/\/blogs.hoy.es\/Juandomingofernandez\/wp-json\/wp\/v2\/categories?post=76"},{"taxonomy":"post_tag","embeddable":true,"href":"https:\/\/blogs.hoy.es\/Juandomingofernandez\/wp-json\/wp\/v2\/tags?post=76"}],"curies":[{"name":"wp","href":"https:\/\/api.w.org\/{rel}","templated":true}]}}