{"id":761,"date":"2018-02-08T20:14:52","date_gmt":"2018-02-08T19:14:52","guid":{"rendered":"http:\/\/blogs.hoy.es\/Juandomingofernandez\/?p=761"},"modified":"2018-02-08T20:17:40","modified_gmt":"2018-02-08T19:17:40","slug":"entre-el-algoritmo-y-el-apocalipsis","status":"publish","type":"post","link":"https:\/\/blogs.hoy.es\/Juandomingofernandez\/2018\/02\/08\/entre-el-algoritmo-y-el-apocalipsis\/","title":{"rendered":"Entre el algoritmo y el apocalipsis"},"content":{"rendered":"<p>EN nuestra \u00e9poca la principal preocupaci\u00f3n no es el presente, sino el ma\u00f1ana; no lo que ocurre, sino lo que est\u00e1 por llegar, aunque a veces no llegue. Antes que reconocerle m\u00e9ritos a quien describe la actualidad y el ayer \u2013poniendo luz y raz\u00f3n en hechos y circunstancias\u2013 le obsequiamos con nuestra complacencia a quien aventura sus apuestas por el porvenir. Aunque tal porvenir no llegue o se cumpla.<br \/>\nEn esta \u00e9poca se enaltece con m\u00e1s entusiasmo al or\u00e1culo que al historiador. El vaticinio manda. Vivimos m\u00e1s pendientes de la predicci\u00f3n del tiempo o de las encuestas que de la cr\u00f3nica del temporal y del an\u00e1lisis pormenorizado de las elecciones. Nos interesa m\u00e1s la proyecci\u00f3n te\u00f3rica del sondeo que el resultado pr\u00e1ctico de las urnas, aunque entre una y otro apenas se registre, por ejemplo, un parentesco tangencial o lejano&#8230;<br \/>\nY cabe agregar circunstancias agravantes: la homegeneizaci\u00f3n acelerada \u2013fruto de la globalizaci\u00f3n econ\u00f3mica y las nuevas tecnolog\u00edas\u2013 nos precipita de cabeza a eso que el fil\u00f3sofo surcoreano afincado en Alemania Byung-Chul Han, califica como \u00abel infierno de lo igual\u00bb. Un universo donde parad\u00f3jicamente se aspira a la individualidad, a la diferenciaci\u00f3n narcisista, pero en el fondo abocado a una igualdad \u2018artificial\u2019 que determinan los algoritmos y la nueva ingenier\u00eda social del sistema. \u00bfQu\u00e9 sistema? Por supuesto el de las grandes corporaciones tecnol\u00f3gicas y econ\u00f3micas del mundo. Los verdaderos amos del cotarro.<br \/>\nComo explica muy bien Yuval Noah Harari en su libro \u2018Homo Deus. Una breve historia del ma\u00f1ana\u2019, en pocas d\u00e9cadas los veh\u00edculos estar\u00e1n conectados a una red que controlar\u00e1 un algoritmo. El poder de los datos. El algoritmo no solo nos sugerir\u00e1 qu\u00e9 libros leer o qu\u00e9 vino compartir en las reuniones familiares, sino que a trav\u00e9s de las m\u00faltiples aplicaciones nos inducir\u00e1 a decidir qu\u00e9 carrera estudiar, qu\u00e9 trabajo elegir, en qu\u00e9 ciudad (o pa\u00eds) buscar empleo, qu\u00e9 servicios adquirir, en qu\u00e9 tipo de medicina creer, a qu\u00e9 especialistas acudir, a qui\u00e9n votar&#8230;<br \/>\nUn estudio presentado recientemente en Davos prueba que m\u00e1s del 52% de quienes siguen prescripciones creadas por un algoritmo no cambia nunca de opini\u00f3n o lo hace en muy pocas ocasiones respecto a cuestiones sociales importantes. \u00bfQu\u00e9 significa dicho dato? Pues que m\u00e1s del 50 % de ese mercado de la opini\u00f3n p\u00fablica est\u00e1 blindado frente a opciones de gente que piensa de diferente manera&#8230; Equivale a entrar en un auditorio y saber que m\u00e1s de la mitad se inclinar\u00e1 por quien maneja el algoritmo. Como afirma <a href=\"https:\/\/elpais.com\/cultura\/2018\/02\/07\/actualidad\/1517989873_086219.html?id_externo_rsoc=FB_CC\">Byun-Chul-Han<\/a> en una magn\u00edfica entrevista publicada en \u2018El Pa\u00eds\u2019: \u00abLos macrodatos hacen superfluo el pensamiento porque si todo es numerable, todo es igual&#8230; Estamos en pleno \u2018data\u00edsmo\u2019: el hombre ya no es soberano de s\u00ed mismo sino que es resultado de una operaci\u00f3n algor\u00edtmica que lo domina sin que lo perciba\u00bb.<br \/>\n\u00bfNo hay salidas? Creo que s\u00ed. El panorama es apocal\u00edptico pero veremos si cuando llegue el ma\u00f1ana verdadero no acabamos invocando el viejo lamento: \u00ab\u00a1Lo que habremos sufrido por lo que no ha pasado!\u00bb.<\/p>\n<!-- AddThis Advanced Settings generic via filter on the_content --><!-- AddThis Share Buttons generic via filter on the_content -->","protected":false},"excerpt":{"rendered":"<p>EN nuestra \u00e9poca la principal preocupaci\u00f3n no es el presente, sino el ma\u00f1ana; no lo que ocurre, sino lo que est\u00e1 por llegar, aunque a veces no llegue. Antes que reconocerle m\u00e9ritos a quien describe la actualidad y el ayer \u2013poniendo luz y raz\u00f3n en hechos y circunstancias\u2013 le obsequiamos con nuestra complacencia a quien [&hellip;]<!-- AddThis Advanced Settings generic via filter on get_the_excerpt --><!-- AddThis Share Buttons generic via filter on get_the_excerpt --><\/p>\n","protected":false},"author":13,"featured_media":0,"comment_status":"open","ping_status":"closed","sticky":false,"template":"","format":"standard","meta":[],"categories":[1],"tags":[1418,1557,282,1560,319,518,1559,1561,963,1015,1562,1558],"_links":{"self":[{"href":"https:\/\/blogs.hoy.es\/Juandomingofernandez\/wp-json\/wp\/v2\/posts\/761"}],"collection":[{"href":"https:\/\/blogs.hoy.es\/Juandomingofernandez\/wp-json\/wp\/v2\/posts"}],"about":[{"href":"https:\/\/blogs.hoy.es\/Juandomingofernandez\/wp-json\/wp\/v2\/types\/post"}],"author":[{"embeddable":true,"href":"https:\/\/blogs.hoy.es\/Juandomingofernandez\/wp-json\/wp\/v2\/users\/13"}],"replies":[{"embeddable":true,"href":"https:\/\/blogs.hoy.es\/Juandomingofernandez\/wp-json\/wp\/v2\/comments?post=761"}],"version-history":[{"count":3,"href":"https:\/\/blogs.hoy.es\/Juandomingofernandez\/wp-json\/wp\/v2\/posts\/761\/revisions"}],"predecessor-version":[{"id":764,"href":"https:\/\/blogs.hoy.es\/Juandomingofernandez\/wp-json\/wp\/v2\/posts\/761\/revisions\/764"}],"wp:attachment":[{"href":"https:\/\/blogs.hoy.es\/Juandomingofernandez\/wp-json\/wp\/v2\/media?parent=761"}],"wp:term":[{"taxonomy":"category","embeddable":true,"href":"https:\/\/blogs.hoy.es\/Juandomingofernandez\/wp-json\/wp\/v2\/categories?post=761"},{"taxonomy":"post_tag","embeddable":true,"href":"https:\/\/blogs.hoy.es\/Juandomingofernandez\/wp-json\/wp\/v2\/tags?post=761"}],"curies":[{"name":"wp","href":"https:\/\/api.w.org\/{rel}","templated":true}]}}