{"id":772,"date":"2018-03-08T21:08:08","date_gmt":"2018-03-08T20:08:08","guid":{"rendered":"http:\/\/blogs.hoy.es\/Juandomingofernandez\/?p=772"},"modified":"2018-03-08T21:08:08","modified_gmt":"2018-03-08T20:08:08","slug":"la-generacion-del-18","status":"publish","type":"post","link":"https:\/\/blogs.hoy.es\/Juandomingofernandez\/2018\/03\/08\/la-generacion-del-18\/","title":{"rendered":"La generaci\u00f3n del 18"},"content":{"rendered":"<p>LA frase es contundente como una condena: \u00abVoto por que todos ustedes vayan a prisi\u00f3n\u00bb. El orador, micr\u00f3fono en mano, uno de los empresarios del C\u00edrculo de Directivos Alemanes durante la convenci\u00f3n celebrada en Barcelona. El reproche iba dirigido a <a href=\"http:\/\/www.hoy.es\/nacional\/empresarios-alemanes-arremeten-20180306190750-ntrc.html\">Roger Torrent<\/a>, presidente del Parlament y m\u00e1xima autoridad auton\u00f3mica de Catalu\u00f1a, quien luc\u00eda en la solapa de la chaqueta el lazo amarillo como se\u00f1al de protesta por la prisi\u00f3n preventiva de los implicados judicialmente en el \u2018proc\u00e9s\u2019. Tuvo que aguantar otra granizada de dardos similares: \u00abHan conseguido que 3.000 empresas se vayan de Catalu\u00f1a y nos han hecho retroceder medio siglo\u00bb. \u00abLos que est\u00e1n en prisi\u00f3n no son ningunos angelitos\u00bb, apostill\u00f3 otra comensal ante la defensa que hizo Torrent del derecho a sus propias convicciones y a defender las de otros parlamentarios.<br \/>\nEl riesgo de este conflicto es que a fuerza de abordarlo cotidianamente acabemos \u2018naturalizando\u2019 la anomal\u00eda, lo excepcional. Haciendo del disparate costumbre.<br \/>\nSi quien golpea a la raz\u00f3n lleva pu\u00f1o de acero en guante de seda, podr\u00eda parecer que el estropicio no se produce, pero no es as\u00ed, claro est\u00e1. Quienes subvierten la legalidad y sugieren f\u00f3rmulas que har\u00edan carcajearse por lo disparatado a los ciudadanos de cualquier pa\u00eds democr\u00e1tico son precisamente quienes ejercen la violencia de la ilegalidad, que es la mayor agresi\u00f3n, la m\u00e1s despiadada ofensa contra el bien com\u00fan: el orden constitucional que todos nos hemos dado. La ley de la convivencia.<br \/>\nPor eso ante el delirio y el abuso de quien pretende usurpar ese bien com\u00fan que es nuestra legalidad (la Constituci\u00f3n y el Estatut, en el caso de Catalu\u00f1a) y que constituyen la \u00fanica garant\u00eda contra la arbitrariedad de quienes luchan por imponer la tiran\u00eda de \u2018sus\u2019 intereses \u2013haci\u00e9ndose trampas en el solitario\u2013 hay que responder con paciencia y buen humor, con tolerancia, sonrisas y buenos modales, pero eso s\u00ed, con la ley en la mano y siempre haciendo pol\u00edtica: es decir, aplicando la ley y su corolario: la democracia. Sin rendirse nunca ante la presi\u00f3n de las arbitrariedades, de los subterfugios, de los intereses sectarios o de las situaciones injustas. Porque elegir el camino de la injusticia no es resolver ning\u00fan conflicto, sino avivarlo. Enquistarlo para siempre.<br \/>\nNadie puede intentar a partir de una ilegalidad imponer el \u2018tr\u00e1gala\u2019 de una seudolegalidad arbitraria. Nadie puede construir para\u00edsos futuros sobre la base del odio y el sentimiento de exclusi\u00f3n. Ni edificar sue\u00f1os colectivos sobre el relato inveros\u00edmil de la historia. Sobre la mentira. \u00abRenunciar a los hechos\u00bb, advierte Timothy Snyder, \u00abes renunciar a la libertad. Si nada es verdad, nadie puede criticar al poder, porque no hay ninguna base sobre la que hacerlo. Si nada es verdad, todo es espect\u00e1culo. La billetera m\u00e1s grande paga las luces m\u00e1s deslumbrantes\u00bb.<br \/>\nA la sociedad catalana se le ha sustra\u00eddo durante las \u00faltimas d\u00e9cadas el conocimiento de ciertas pr\u00e1cticas pol\u00edticas nada honorables. Si la Justicia acaba probando que la aut\u00e9ntica finalidad del \u2018proc\u00e9s\u2019 fue promover una ruidosa huida hacia el precipicio para camuflar los pecados del pasado, bien merecido tendr\u00e1n estos \u2018capitanes ara\u00f1as\u2019 sus exilios dorados y sus c\u00e1rceles sin gloria y sin honor, aunque sea a costa del alto precio que seguramente pagar\u00e1n varias generaciones de catalanes y de espa\u00f1oles.<\/p>\n<!-- AddThis Advanced Settings generic via filter on the_content --><!-- AddThis Share Buttons generic via filter on the_content -->","protected":false},"excerpt":{"rendered":"<p>LA frase es contundente como una condena: \u00abVoto por que todos ustedes vayan a prisi\u00f3n\u00bb. El orador, micr\u00f3fono en mano, uno de los empresarios del C\u00edrculo de Directivos Alemanes durante la convenci\u00f3n celebrada en Barcelona. El reproche iba dirigido a Roger Torrent, presidente del Parlament y m\u00e1xima autoridad auton\u00f3mica de Catalu\u00f1a, quien luc\u00eda en la [&hellip;]<!-- AddThis Advanced Settings generic via filter on get_the_excerpt --><!-- AddThis Share Buttons generic via filter on get_the_excerpt --><\/p>\n","protected":false},"author":13,"featured_media":0,"comment_status":"open","ping_status":"closed","sticky":false,"template":"","format":"standard","meta":[],"categories":[1],"tags":[1508,1580,205,276,284,319,422,1577,578,1578,1496,1575,1579,1576],"_links":{"self":[{"href":"https:\/\/blogs.hoy.es\/Juandomingofernandez\/wp-json\/wp\/v2\/posts\/772"}],"collection":[{"href":"https:\/\/blogs.hoy.es\/Juandomingofernandez\/wp-json\/wp\/v2\/posts"}],"about":[{"href":"https:\/\/blogs.hoy.es\/Juandomingofernandez\/wp-json\/wp\/v2\/types\/post"}],"author":[{"embeddable":true,"href":"https:\/\/blogs.hoy.es\/Juandomingofernandez\/wp-json\/wp\/v2\/users\/13"}],"replies":[{"embeddable":true,"href":"https:\/\/blogs.hoy.es\/Juandomingofernandez\/wp-json\/wp\/v2\/comments?post=772"}],"version-history":[{"count":1,"href":"https:\/\/blogs.hoy.es\/Juandomingofernandez\/wp-json\/wp\/v2\/posts\/772\/revisions"}],"predecessor-version":[{"id":773,"href":"https:\/\/blogs.hoy.es\/Juandomingofernandez\/wp-json\/wp\/v2\/posts\/772\/revisions\/773"}],"wp:attachment":[{"href":"https:\/\/blogs.hoy.es\/Juandomingofernandez\/wp-json\/wp\/v2\/media?parent=772"}],"wp:term":[{"taxonomy":"category","embeddable":true,"href":"https:\/\/blogs.hoy.es\/Juandomingofernandez\/wp-json\/wp\/v2\/categories?post=772"},{"taxonomy":"post_tag","embeddable":true,"href":"https:\/\/blogs.hoy.es\/Juandomingofernandez\/wp-json\/wp\/v2\/tags?post=772"}],"curies":[{"name":"wp","href":"https:\/\/api.w.org\/{rel}","templated":true}]}}