{"id":777,"date":"2018-03-15T20:46:24","date_gmt":"2018-03-15T19:46:24","guid":{"rendered":"http:\/\/blogs.hoy.es\/Juandomingofernandez\/?p=777"},"modified":"2018-03-15T20:46:24","modified_gmt":"2018-03-15T19:46:24","slug":"la-generosidad-del-perdon","status":"publish","type":"post","link":"https:\/\/blogs.hoy.es\/Juandomingofernandez\/2018\/03\/15\/la-generosidad-del-perdon\/","title":{"rendered":"La generosidad del perd\u00f3n"},"content":{"rendered":"<p>LA madre del peque\u00f1o Gabriel ha demostrado ante el dolor insoportable de la muerte de su hijo una grandeza de esp\u00edritu que est\u00e1 agigantando su imagen y consiguiendo, precisamente, que sean un\u00e1nimes las muestras de solidaridad, empat\u00eda y cari\u00f1o de la gente. En vez de sucumbir al vendaval de dolor y rabia que ha dinamitado su vida y la de su familia, elige la v\u00eda del perd\u00f3n y rechaza el odio. Ha pedido, seg\u00fan <a href=\"http:\/\/www.hoy.es\/nacional\/madre-gabriel-quiero-20180312093708-ntrc.html\">sus propias palabras<\/a>, \u00abque esto termine con el coraz\u00f3n de la gente calentito y no con la rabia que esta se\u00f1ora nos ha sembrado\u00bb. Con apelaciones a no dejarse llevar por el odio ni empa\u00f1ar la imagen de su hijo junto a la \u2018bruja mala\u2019 del cuento que ya no existe&#8230;<br \/>\nAnte sucesos terribles como el del peque\u00f1o Gabriel, que conmueven al conjunto de la sociedad, es cuando se comprende en toda su dimensi\u00f3n el viejo adagio: \u00abErrar es humano, perdonar es divino\u00bb. Y aunque el mensaje cristiano se sustenta justamente sobre la necesidad del perd\u00f3n, cualquiera intuye la grandeza sobrehumana que se precisa para otorgarlo. En el caso de Espa\u00f1a, por ejemplo, basta volver un poco la vista para que nos desborden las tormentas de odio desatadas por ETA en los a\u00f1os de la ignominia y lo dif\u00edcil que resulta, a pesar del tiempo transcurrido, otorgar el perd\u00f3n. \u00abVeng\u00e1ndose, uno se iguala a su enemigo; perdonando, se muestra superior a \u00e9l\u00bb, dice Francis Bacon. El perd\u00f3n libera. Y por eso la madre del peque\u00f1o Gabriel superar\u00e1 mejor el duelo de su muerte, de su ausencia, al no permitir que anide en ella el resentimiento del odio, tan humano y a la vez tan devastador.<br \/>\nEl perd\u00f3n, sin embargo, siempre es personal, aunque pueda ser compartido con otros seres cercanos. La potestad del perd\u00f3n, si puede decirse as\u00ed, siempre est\u00e1 residenciada en las v\u00edctimas que sobreviven a la propia v\u00edctima, es decir, los familiares directos o aquellas personas a quienes la onda expansiva del dolor alcanza de lleno. Por eso dec\u00eda Saavedra Fajardo que \u00abla multitud no disimula, ni perdona, ni compadece\u00bb. Y aunque se trata de palabras escritas en el siglo XVII, siguen igual de vigentes.<br \/>\nSi fuera por la multitud (ahora en lugar de \u2018multitud\u2019 podemos escribir \u2018redes sociales\u2019), la reacci\u00f3n ante un caso como el del peque\u00f1o Gabriel ser\u00eda la condena inmediata a la responsable de la muerte. Pero no quiero que se me malinterprete. Yo no disculpo ni me compadezco ni exonero de toda su responsabilidad a quien ha cometido un acto tan execrable y monstruoso como acabar con la vida de un ni\u00f1o de ocho a\u00f1os. Traigo a colaci\u00f3n las palabras de Saavedra Fajardo precisamente para constatar dos cosas: primera, que la reacci\u00f3n \u2018natural\u2019 de la multitud, del colectivo, ante un hecho criminal, injusto, siempre es la misma: ni perdona ni compadece; y segunda, que quien est\u00e1 autorizada a perdonar es aquella que se encuentra m\u00e1s pr\u00f3xima a la v\u00edctima, en este caso la madre y el padre del peque\u00f1o Gabriel. Solo desde ese pat\u00edbulo al que les ha conducido el azar de la desgracia tiene m\u00e9rito conceder el perd\u00f3n.<br \/>\nPor todo eso me parece reconfortante en su humanidad, ejemplar en su sacrificio, el gesto de Patricia y \u00c1ngel, los padres del \u2018pececito Gabriel\u2019. Ojal\u00e1 que su generosidad se vuelva b\u00e1lsamo para sus corazones.<\/p>\n<!-- AddThis Advanced Settings generic via filter on the_content --><!-- AddThis Share Buttons generic via filter on the_content -->","protected":false},"excerpt":{"rendered":"<p>LA madre del peque\u00f1o Gabriel ha demostrado ante el dolor insoportable de la muerte de su hijo una grandeza de esp\u00edritu que est\u00e1 agigantando su imagen y consiguiendo, precisamente, que sean un\u00e1nimes las muestras de solidaridad, empat\u00eda y cari\u00f1o de la gente. En vez de sucumbir al vendaval de dolor y rabia que ha dinamitado [&hellip;]<!-- AddThis Advanced Settings generic via filter on get_the_excerpt --><!-- AddThis Share Buttons generic via filter on get_the_excerpt --><\/p>\n","protected":false},"author":13,"featured_media":0,"comment_status":"open","ping_status":"closed","sticky":false,"template":"","format":"standard","meta":[],"categories":[1],"tags":[422,500,592,1476,1582,1581,1585,1087,1583,1584],"_links":{"self":[{"href":"https:\/\/blogs.hoy.es\/Juandomingofernandez\/wp-json\/wp\/v2\/posts\/777"}],"collection":[{"href":"https:\/\/blogs.hoy.es\/Juandomingofernandez\/wp-json\/wp\/v2\/posts"}],"about":[{"href":"https:\/\/blogs.hoy.es\/Juandomingofernandez\/wp-json\/wp\/v2\/types\/post"}],"author":[{"embeddable":true,"href":"https:\/\/blogs.hoy.es\/Juandomingofernandez\/wp-json\/wp\/v2\/users\/13"}],"replies":[{"embeddable":true,"href":"https:\/\/blogs.hoy.es\/Juandomingofernandez\/wp-json\/wp\/v2\/comments?post=777"}],"version-history":[{"count":1,"href":"https:\/\/blogs.hoy.es\/Juandomingofernandez\/wp-json\/wp\/v2\/posts\/777\/revisions"}],"predecessor-version":[{"id":778,"href":"https:\/\/blogs.hoy.es\/Juandomingofernandez\/wp-json\/wp\/v2\/posts\/777\/revisions\/778"}],"wp:attachment":[{"href":"https:\/\/blogs.hoy.es\/Juandomingofernandez\/wp-json\/wp\/v2\/media?parent=777"}],"wp:term":[{"taxonomy":"category","embeddable":true,"href":"https:\/\/blogs.hoy.es\/Juandomingofernandez\/wp-json\/wp\/v2\/categories?post=777"},{"taxonomy":"post_tag","embeddable":true,"href":"https:\/\/blogs.hoy.es\/Juandomingofernandez\/wp-json\/wp\/v2\/tags?post=777"}],"curies":[{"name":"wp","href":"https:\/\/api.w.org\/{rel}","templated":true}]}}