{"id":779,"date":"2018-03-22T20:42:51","date_gmt":"2018-03-22T19:42:51","guid":{"rendered":"http:\/\/blogs.hoy.es\/Juandomingofernandez\/?p=779"},"modified":"2018-03-22T20:47:56","modified_gmt":"2018-03-22T19:47:56","slug":"picasso-en-caceres","status":"publish","type":"post","link":"https:\/\/blogs.hoy.es\/Juandomingofernandez\/2018\/03\/22\/picasso-en-caceres\/","title":{"rendered":"Picasso en C\u00e1ceres"},"content":{"rendered":"<p>PICASSO es inabarcable, pero la muestra \u2018Sue\u00f1os grabados\u2019 que se expone hasta el 2 de septiembre en la cacere\u00f1a Fundaci\u00f3n Mercedes Calles esboza un rico perfil de su obra gr\u00e1fica. Entre el centenar de piezas, desde 1904 hasta los a\u00f1os sesenta del pasado siglo, se pueden rastrear no solo sus principales etapas como grabador, dibujante y pintor, sino la desbordante humanidad y pasi\u00f3n creadora que recorre su vida, propia de un \u2018fauno\u2019 y de un genio.<br \/>\nUna vez, seg\u00fan la famosa an\u00e9cdota, le preguntaron a Jean Cocteau qu\u00e9 salvar\u00eda del Museo del Prado en caso de incendio y dijo que \u00absalvar\u00eda el fuego\u00bb. Despu\u00e9s le preguntaron lo mismo a Dal\u00ed y respondi\u00f3: \u00abYo salvar\u00eda el aire que hay dentro del cuadro de \u2018Las Meninas\u2019 de Vel\u00e1zquez\u00bb. Cuando le plantearon a George Bernard Shaw qu\u00e9 cuadro salvar\u00eda de la National Gallery contest\u00f3: \u00abEl que estuviera m\u00e1s cerca de la puerta, por supuesto\u00bb.<br \/>\nAyer, mientras recorr\u00eda la muestra de Picasso en la Fundaci\u00f3n Mercedes Calles me hice la misma pregunta y tuve clara la respuesta: yo salvar\u00eda no una sino dos obras: \u2018El sue\u00f1o. Genevi\u00e8ve Laporte\u2019, y \u2018Picasso presentando un espejo a Genevi\u00e8ve Laporte\u2019, dos litograf\u00edas de 1951 de la serie \u2018Le Soleil \u00e9bloui\u2019, que reflejan de manera ejemplar aquella condici\u00f3n de \u2018Barba Azul\u2019 que Fran\u00e7ois Gilot atribu\u00eda a Picasso, siempre deslumbrado por sus sucesivas amantes, musas, modelos, compa\u00f1eras&#8230;<br \/>\nEl trazo gr\u00e1cil e impecable con que pinta a una joven Genevi\u00e8ve Laporte que entonces ten\u00eda 24 a\u00f1os, en la despreocupada placidez del sue\u00f1o, o su propio autorretrato, con la mirada rendida del artista en plena madurez&#8230; guardan la fuerza del s\u00edmbolo, el vigor del maestro ante quien era en ese momento su modelo y compa\u00f1era sentimental. Y se repara m\u00e1s en la energ\u00eda de la serie cuando sabemos que Picasso la cre\u00f3 durante el verano de 1951, mientras pasaba unas vacaciones en Saint Tropez con Genevi\u00e8ve Laporte, tras haberse alejado de \u00e9l por aquellos d\u00edas Fran\u00e7ois Gilot con sus hijos Claude y Paloma Picasso&#8230;<br \/>\nPero se trata, claro est\u00e1, de una predilecci\u00f3n particular. La muestra permite sin embargo que nos asomemos a otras muchas obras memorables del pintor espa\u00f1ol m\u00e1s importante del siglo XX. Desde varios aguafuertes de la serie \u2018Suite Vollard\u2019 como los magn\u00edficos \u2018Escultor reposando III\u2019 y \u2018Escultor y modelo delante de una ventana\u2019, grabados en 1933; el \u2018Saltimbanqui y joven arlequ\u00edn\u2019, de 1955 o \u2018Ma jolie\u2019, edici\u00f3n del mismo a\u00f1o; \u2018Eurydice piqu\u00e9e par un serpent\u2019, de 1930, perteneciente a la serie \u2018Las Metamorfosis de Ovidio\u2019; pasando por el dibujo original de 1904 para la ilustraci\u00f3n de \u2018Los Miserables\u2019; el colorista \u2018Mosquetero\u2019 de una litograf\u00eda fechada en 1969 hasta la \u2018Cabeza de fauno\u2019, 1946, de la serie \u2018Fauens et flore d\u2019Antibes\u2019.<br \/>\nUna colecci\u00f3n de piezas que revelan la vehemencia y la potencia creadora de Picasso, jam\u00e1s enclaustrado en las modas o fosilizado en la rutina. Dice Patrick O\u2019Brian \u2013quiz\u00e1s uno de los mejores bi\u00f3grafos del malague\u00f1o\u2013 que su relaci\u00f3n con Genevi\u00e8ve Laporte le evit\u00f3 acariciar la idea del suicidio y le \u00abhizo re\u00edr de nuevo\u00bb. No extra\u00f1a que ella, a\u00f1os despu\u00e9s, titulara su libro bas\u00e1ndose en la dedicatoria que Picasso escribi\u00f3 justo en uno de los regalos que le hizo: \u00abSi tard le soir le soleil brille&#8230;\u00bb. Si lo avanzado del d\u00eda alude a la edad del artista, est\u00e1 claro que el resplandor del sol es el amor.<\/p>\n<!-- AddThis Advanced Settings generic via filter on the_content --><!-- AddThis Share Buttons generic via filter on the_content -->","protected":false},"excerpt":{"rendered":"<p>PICASSO es inabarcable, pero la muestra \u2018Sue\u00f1os grabados\u2019 que se expone hasta el 2 de septiembre en la cacere\u00f1a Fundaci\u00f3n Mercedes Calles esboza un rico perfil de su obra gr\u00e1fica. Entre el centenar de piezas, desde 1904 hasta los a\u00f1os sesenta del pasado siglo, se pueden rastrear no solo sus principales etapas como grabador, dibujante [&hellip;]<!-- AddThis Advanced Settings generic via filter on get_the_excerpt --><!-- AddThis Share Buttons generic via filter on get_the_excerpt --><\/p>\n","protected":false},"author":13,"featured_media":0,"comment_status":"open","ping_status":"closed","sticky":false,"template":"","format":"standard","meta":[],"categories":[1],"tags":[103,179,312,1588,515,1589,1586,663,1587,994,998],"_links":{"self":[{"href":"https:\/\/blogs.hoy.es\/Juandomingofernandez\/wp-json\/wp\/v2\/posts\/779"}],"collection":[{"href":"https:\/\/blogs.hoy.es\/Juandomingofernandez\/wp-json\/wp\/v2\/posts"}],"about":[{"href":"https:\/\/blogs.hoy.es\/Juandomingofernandez\/wp-json\/wp\/v2\/types\/post"}],"author":[{"embeddable":true,"href":"https:\/\/blogs.hoy.es\/Juandomingofernandez\/wp-json\/wp\/v2\/users\/13"}],"replies":[{"embeddable":true,"href":"https:\/\/blogs.hoy.es\/Juandomingofernandez\/wp-json\/wp\/v2\/comments?post=779"}],"version-history":[{"count":3,"href":"https:\/\/blogs.hoy.es\/Juandomingofernandez\/wp-json\/wp\/v2\/posts\/779\/revisions"}],"predecessor-version":[{"id":782,"href":"https:\/\/blogs.hoy.es\/Juandomingofernandez\/wp-json\/wp\/v2\/posts\/779\/revisions\/782"}],"wp:attachment":[{"href":"https:\/\/blogs.hoy.es\/Juandomingofernandez\/wp-json\/wp\/v2\/media?parent=779"}],"wp:term":[{"taxonomy":"category","embeddable":true,"href":"https:\/\/blogs.hoy.es\/Juandomingofernandez\/wp-json\/wp\/v2\/categories?post=779"},{"taxonomy":"post_tag","embeddable":true,"href":"https:\/\/blogs.hoy.es\/Juandomingofernandez\/wp-json\/wp\/v2\/tags?post=779"}],"curies":[{"name":"wp","href":"https:\/\/api.w.org\/{rel}","templated":true}]}}