{"id":78,"date":"2007-06-08T15:55:35","date_gmt":"2007-06-08T15:55:35","guid":{"rendered":"http:\/\/blogs.hoy.es\/Juandomingofernandez\/?p=78"},"modified":"2007-06-08T15:55:35","modified_gmt":"2007-06-08T15:55:35","slug":"volar-lejos-del-nido","status":"publish","type":"post","link":"https:\/\/blogs.hoy.es\/Juandomingofernandez\/2007\/06\/08\/volar-lejos-del-nido\/","title":{"rendered":"Volar lejos del nido"},"content":{"rendered":"<p class=\"MsoNormal\"><font face=\"Times New Roman\" size=\"4\">En la habitaci\u00f3n de mi piso de estudiante<br \/>\nten\u00eda algunos viejos carteles sobre la Revoluci\u00f3n de Octubre, en contra de la ocupaci\u00f3n<br \/>\nde Praga por los sovi\u00e9ticos, sobre la sangr\u00eda de la emigraci\u00f3n en Extremadura y<br \/>\notro con un poema de Kalil Gibran de su libro &#8216;El Profeta&#8217;.<\/font><\/p>\n<p class=\"MsoNormal\"><font face=\"Times New Roman\" size=\"4\">Con veintipocos a\u00f1os aquellos versos me<br \/>\nparec\u00edan un dec\u00e1logo de eterna sabidur\u00eda: <i>\u00abVuestros hijos no son vuestros<br \/>\nhijos. \/ Son los hijos e hijas de la vida, deseosa de perpetuarse. \/ Vienen a<br \/>\ntrav\u00e9s vuestro, pero no vienen de vosotros. \/ Y aunque est\u00e1n a vuestro lado, no<br \/>\nos pertenecen. \/ Pod\u00e9is darles vuestro amor, pero no vuestros pensamientos. \/<br \/>\nPorque ellos tienen sus propios pensamientos\u00bb<\/i>.<\/font><\/p>\n<p class=\"MsoNormal\"><font face=\"Times New Roman\" size=\"4\">Kalil Gibran te preven\u00eda para que no<br \/>\nintentaras detener la vida ni distraerla con el ayer y recordaba con bellas<br \/>\npalabras que los padres son como un arco del que los hijos, como flechas<br \/>\nvivientes, salen impulsados hacia lo lejos: <i>\u00abEl arquero es quien ve el blanco<br \/>\nen la senda del infinito y os doblega con su poder para que su flecha vaya<br \/>\nveloz y lejana\u00bb<\/i>.<\/font><\/p>\n<p class=\"MsoNormal\"><font face=\"Times New Roman\" size=\"4\">Durante a\u00f1os record\u00e9 ese poema con<br \/>\n&#8216;mirada de hijo&#8217;. Creo que lo interpretaba como un canto a la libertad<br \/>\npersonal, alejado de cualquier<br \/>\n&#8216;control&#8217; familiar, lo que por entonces<br \/>\nme parec\u00eda una propuesta vital bien atractiva.<\/font><\/p>\n<p class=\"MsoNormal\"><font face=\"Times New Roman\" size=\"4\">Transcurridos los a\u00f1os compruebo, en<br \/>\nefecto, que la vida ni se detiene ni se distrae con el ayer. Es m\u00e1s, la mirada<br \/>\nde hijo se ha tornado en la de padre, y aunque de momento no sienta la urgente<br \/>\nnecesidad de que se vayan \u00abveloces y lejanas\u00bb las flechas que han salido de mi<br \/>\narco, empiezo a sospechar que en estos tiempos pocos estudiantes colgar\u00edan ese poema de Kalil Gibran como un bander\u00edn de<br \/>\nenganche a favor de la emancipaci\u00f3n. Por la experiencia de otros amigos deduzco<br \/>\nque el asunto no es que las flechas vuelen veloces y lejanas, sino<br \/>\nsencillamente que los p\u00e1jaros abandonen el nido y echen a volar de una vez.<\/font><\/p>\n<!-- AddThis Advanced Settings generic via filter on the_content --><!-- AddThis Share Buttons generic via filter on the_content -->","protected":false},"excerpt":{"rendered":"<p>En la habitaci\u00f3n de mi piso de estudiante ten\u00eda algunos viejos carteles sobre la Revoluci\u00f3n de Octubre, en contra de la ocupaci\u00f3n de Praga por los sovi\u00e9ticos, sobre la sangr\u00eda de la emigraci\u00f3n en Extremadura y otro con un poema de Kalil Gibran de su libro &#8216;El Profeta&#8217;. Con veintipocos a\u00f1os aquellos versos me parec\u00edan [&hellip;]<!-- AddThis Advanced Settings generic via filter on get_the_excerpt --><!-- AddThis Share Buttons generic via filter on get_the_excerpt --><\/p>\n","protected":false},"author":13,"featured_media":0,"comment_status":"open","ping_status":"closed","sticky":false,"template":"","format":"standard","meta":[],"categories":[2],"tags":[],"_links":{"self":[{"href":"https:\/\/blogs.hoy.es\/Juandomingofernandez\/wp-json\/wp\/v2\/posts\/78"}],"collection":[{"href":"https:\/\/blogs.hoy.es\/Juandomingofernandez\/wp-json\/wp\/v2\/posts"}],"about":[{"href":"https:\/\/blogs.hoy.es\/Juandomingofernandez\/wp-json\/wp\/v2\/types\/post"}],"author":[{"embeddable":true,"href":"https:\/\/blogs.hoy.es\/Juandomingofernandez\/wp-json\/wp\/v2\/users\/13"}],"replies":[{"embeddable":true,"href":"https:\/\/blogs.hoy.es\/Juandomingofernandez\/wp-json\/wp\/v2\/comments?post=78"}],"version-history":[{"count":0,"href":"https:\/\/blogs.hoy.es\/Juandomingofernandez\/wp-json\/wp\/v2\/posts\/78\/revisions"}],"wp:attachment":[{"href":"https:\/\/blogs.hoy.es\/Juandomingofernandez\/wp-json\/wp\/v2\/media?parent=78"}],"wp:term":[{"taxonomy":"category","embeddable":true,"href":"https:\/\/blogs.hoy.es\/Juandomingofernandez\/wp-json\/wp\/v2\/categories?post=78"},{"taxonomy":"post_tag","embeddable":true,"href":"https:\/\/blogs.hoy.es\/Juandomingofernandez\/wp-json\/wp\/v2\/tags?post=78"}],"curies":[{"name":"wp","href":"https:\/\/api.w.org\/{rel}","templated":true}]}}