{"id":783,"date":"2018-03-29T17:42:42","date_gmt":"2018-03-29T16:42:42","guid":{"rendered":"http:\/\/blogs.hoy.es\/Juandomingofernandez\/?p=783"},"modified":"2018-03-29T17:42:42","modified_gmt":"2018-03-29T16:42:42","slug":"pasteleo-dialogo-y-el-final-de-la-escapada","status":"publish","type":"post","link":"https:\/\/blogs.hoy.es\/Juandomingofernandez\/2018\/03\/29\/pasteleo-dialogo-y-el-final-de-la-escapada\/","title":{"rendered":"Pasteleo, di\u00e1logo y el final de la escapada"},"content":{"rendered":"<p>EL banquero y empresario J.P. Morgan dijo en cierta ocasi\u00f3n que no quer\u00eda un abogado que le dijera lo que \u00abno pod\u00eda hacer\u00bb pues si lo contrataba era, precisamente, para que le dijera la manera de \u00abhacer lo que quer\u00eda hacer\u00bb. Justo lo contrario de lo que han hecho los letrados del Parlament de Catalu\u00f1a desde el minuto uno del \u2018proc\u00e9s\u2019: cuando advirtieron a esa c\u00e1mara de las famosas l\u00edneas rojas que no pod\u00edan saltarse y de las ilegalidades en las que incurr\u00edan con determinadas acciones. Y por dichas acciones, (no por sus ideas), llevan tiempo unos cuantos comiendo rancho en prisi\u00f3n.<br \/>\nEn el momento que vuelvan las aguas a su cauce me gustar\u00e1 saber c\u00f3mo recuerda la gente la aventura del \u2018proc\u00e9s\u2019. Cu\u00e1l ser\u00e1 el t\u00e9rmino en la \u2018nube de palabras\u2019 m\u00e1s repetido. \u00bfDelirio? \u00bfSentimiento? \u00bfEnso\u00f1aci\u00f3n? \u00bfIrrealidad? \u00bfSupremacismo? \u00bfParlament? \u00bfInjusticia? \u00bfPrisi\u00f3n? \u00bfHuida hacia adelante? \u00bfDemocracia? \u00bfNaci\u00f3n? \u00bfPujol? \u00bfPopulismo? \u00bfMas? \u00bfPuigdemont? \u00bfTabarnia? \u00bfTractoria? \u00bfBoadella? \u00bf\u00abEspa\u00f1a nos roba\u00bb, quiz\u00e1s? \u00bfO la sinuosa profec\u00eda de Roger Torrent: \u00abLlover\u00e1n hostias\u00bb?<br \/>\nVisto con perspectiva resulta asombroso constatar que la sobredosis de teatralizaci\u00f3n y de excesos esperp\u00e9nticos del \u2018proc\u00e9s\u2019 no es atribuible a profesionales del espect\u00e1culo sino a profesionales del separatismo. Aqu\u00ed s\u00ed que se cumple aquello de \u00abla realidad supera a la ficci\u00f3n\u00bb. Ni el guionista m\u00e1s enloquecido hubiera imaginado episodios y escenas como las de estos extrav\u00edos \u2018nacionalistas\u2019 en la era de la posverdad, de la manipulaci\u00f3n hist\u00f3rica y de la \u2018sentimentalidad social\u2019 frente al democr\u00e1tico principio de los derechos ciudadanos, porque como bien nos previene Fernando Savater, todo nacionalismo se alimenta de agravios pasados y de la magnificaci\u00f3n de los errores presentes.<br \/>\nPor eso la escapada hacia ninguna parte que ahora promueven las formaciones afines al \u2018proc\u00e9s\u2019 no es un punto de di\u00e1logo, sino otro tramo de su precipitaci\u00f3n al vac\u00edo. Instalados en esa especie de \u2018furtivismo democr\u00e1tico\u2019 resulta imposible abordar cualquier soluci\u00f3n racional; es decir, alg\u00fan remedio compatible con la ley y las normas democr\u00e1ticas de un pa\u00eds europeo moderno.<br \/>\nPor tanto, lo inquietante no es que los partidos y formaciones afines a la anomal\u00eda gravitacional del separatismo hayan abandonado la senda de la Constituci\u00f3n y del Estatut, lo dram\u00e1tico es que llevan camino de atrincherarse en una especie de reducto sin m\u00e1s salida que la c\u00e1rcel o el cementerio pol\u00edtico.<br \/>\nY me parece que dicha estrategia tan solo resulta comprensible desde posiciones \u2018antisistema\u2019: desde los supuestos t\u00e1cticos de aquellos a quienes la Constituci\u00f3n y el Estatut les importan menos que nada, pues aspiran precisamente a liquidar tal marco democr\u00e1tico con la esperanza de conquistar en la calle el \u2018para\u00edso\u2019 m\u00e1s acorde a su ideolog\u00eda.<br \/>\nEn esta encrucijada apelar al di\u00e1logo pol\u00edtico resulta nada m\u00e1s que un gesto cargado de buena voluntad pero no de racionalidad, pues antes que di\u00e1logo o negociaci\u00f3n se tratar\u00eda de simple pasteleo, una dimisi\u00f3n de sus responsabilidades que el Estado no puede permitirse.<\/p>\n<!-- AddThis Advanced Settings generic via filter on the_content --><!-- AddThis Share Buttons generic via filter on the_content -->","protected":false},"excerpt":{"rendered":"<p>EL banquero y empresario J.P. Morgan dijo en cierta ocasi\u00f3n que no quer\u00eda un abogado que le dijera lo que \u00abno pod\u00eda hacer\u00bb pues si lo contrataba era, precisamente, para que le dijera la manera de \u00abhacer lo que quer\u00eda hacer\u00bb. Justo lo contrario de lo que han hecho los letrados del Parlament de Catalu\u00f1a [&hellip;]<!-- AddThis Advanced Settings generic via filter on get_the_excerpt --><!-- AddThis Share Buttons generic via filter on get_the_excerpt --><\/p>\n","protected":false},"author":13,"featured_media":0,"comment_status":"open","ping_status":"closed","sticky":false,"template":"","format":"standard","meta":[],"categories":[1],"tags":[1508,205,276,319,422,1577,448,481,1590,1432,1064,1579],"_links":{"self":[{"href":"https:\/\/blogs.hoy.es\/Juandomingofernandez\/wp-json\/wp\/v2\/posts\/783"}],"collection":[{"href":"https:\/\/blogs.hoy.es\/Juandomingofernandez\/wp-json\/wp\/v2\/posts"}],"about":[{"href":"https:\/\/blogs.hoy.es\/Juandomingofernandez\/wp-json\/wp\/v2\/types\/post"}],"author":[{"embeddable":true,"href":"https:\/\/blogs.hoy.es\/Juandomingofernandez\/wp-json\/wp\/v2\/users\/13"}],"replies":[{"embeddable":true,"href":"https:\/\/blogs.hoy.es\/Juandomingofernandez\/wp-json\/wp\/v2\/comments?post=783"}],"version-history":[{"count":1,"href":"https:\/\/blogs.hoy.es\/Juandomingofernandez\/wp-json\/wp\/v2\/posts\/783\/revisions"}],"predecessor-version":[{"id":784,"href":"https:\/\/blogs.hoy.es\/Juandomingofernandez\/wp-json\/wp\/v2\/posts\/783\/revisions\/784"}],"wp:attachment":[{"href":"https:\/\/blogs.hoy.es\/Juandomingofernandez\/wp-json\/wp\/v2\/media?parent=783"}],"wp:term":[{"taxonomy":"category","embeddable":true,"href":"https:\/\/blogs.hoy.es\/Juandomingofernandez\/wp-json\/wp\/v2\/categories?post=783"},{"taxonomy":"post_tag","embeddable":true,"href":"https:\/\/blogs.hoy.es\/Juandomingofernandez\/wp-json\/wp\/v2\/tags?post=783"}],"curies":[{"name":"wp","href":"https:\/\/api.w.org\/{rel}","templated":true}]}}