{"id":79,"date":"2007-06-24T00:15:23","date_gmt":"2007-06-24T00:15:23","guid":{"rendered":"http:\/\/blogs.hoy.es\/Juandomingofernandez\/?p=79"},"modified":"2007-06-24T00:15:23","modified_gmt":"2007-06-24T00:15:23","slug":"y-yo-con-estos-pelos","status":"publish","type":"post","link":"https:\/\/blogs.hoy.es\/Juandomingofernandez\/2007\/06\/24\/y-yo-con-estos-pelos\/","title":{"rendered":"Y yo con estos pelos"},"content":{"rendered":"<p class=\"MsoNormal\"><font face=\"Times New Roman\" size=\"4\">Si tuviera que v\u00e9rmelas profesionalmente<br \/>\ncon un cr\u00edtico literario, sospecho que no habr\u00eda lugar al desaf\u00edo porque si uno<br \/>\nno quiere, dos no discuten. Y yo no lo har\u00eda. <\/font><\/p>\n<p class=\"MsoNormal\"><font face=\"Times New Roman\" size=\"4\">Aunque admiro a esos cr\u00edticos<br \/>\nprofesionales (pocos, a mi entender) que le rebanan las \u00ednfulas al m\u00e1s pintado<br \/>\ncon un juicio y dos tajadas, me parece&nbsp;<br \/>\nmas &#8216;constructiva&#8217; la posici\u00f3n de otros escritores que siempre alancean<br \/>\na moro muerto. Por ejemplo Borges, quien aseguraba que no sab\u00eda nada de la<br \/>\nliteratura argentina moderna porque \u00abhace tiempo que mis contempor\u00e1neos son los<br \/>\ngriegos\u00bb. Son legi\u00f3n las cr\u00edticas inclementes del autor de &#8216;El Aleph&#8217; a ciertos<br \/>\nautores. A\u00fan flota su desd\u00e9n por la machadiana expresi\u00f3n \u00abmi torpe ali\u00f1o<br \/>\nindumentario\u00bb, pasando por los reproches a Graci\u00e1n, del que consideraba<br \/>\n\u00abimperdonable\u00bb que hubiese llamado a las estrellas \u00abgallinas de los prados<br \/>\ncelestiales\u00bb. O los rotundos comentarios despectivos, de ir\u00f3nica crueldad:<br \/>\n\u00abFederico Garc\u00eda Lorca me parece un poeta de utiler\u00eda. Ciertamente, la muerte<br \/>\nlo favoreci\u00f3. Creo que, en definitiva, s\u00f3lo sirvi\u00f3 para que Machado escribiera<br \/>\nun poema admirable\u00bb. <\/font><\/p>\n<p class=\"MsoNormal\"><font face=\"Times New Roman\" size=\"4\">As\u00ed que si hubiera de v\u00e9rmelas con un<br \/>\ncr\u00edtico despiadado por ser el autor de un <i>best seller<\/i> o de cualquier otro<br \/>\ng\u00e9nero de licorer\u00eda perecedero, tal vez renegara de Borges y de su sentido del<br \/>\nhumor para abrazar la l\u00f3gica del siempre sabio y ponderado Joubert, quien<br \/>\nsostiene que la cr\u00edtica \u00abestropea el gusto, envenena los sabores\u00bb, y que \u00abel<br \/>\ncr\u00edtico se parece no poco a esas personas que cada vez que quieren re\u00edr ense\u00f1an<br \/>\ndientes muy feos\u00bb. <\/font><\/p>\n<p><font face=\"Times New Roman\" size=\"4\">Aunque<br \/>\nbien pensado, es posible que me dedicara solamente a escribir, (que es lo que<br \/>\ncuenta) inmunizado con la vacuna del hallazgo de Eli Wallach: \u00abQue los cr\u00edticos<br \/>\nte alaben es como si el verdugo te dijera que tienes el cuello bonito\u00bb. Y<br \/>\nvengan ratas, que aqu\u00ed hay quien las mata.<\/font><\/p>\n<!-- AddThis Advanced Settings generic via filter on the_content --><!-- AddThis Share Buttons generic via filter on the_content -->","protected":false},"excerpt":{"rendered":"<p>Si tuviera que v\u00e9rmelas profesionalmente con un cr\u00edtico literario, sospecho que no habr\u00eda lugar al desaf\u00edo porque si uno no quiere, dos no discuten. Y yo no lo har\u00eda. Aunque admiro a esos cr\u00edticos profesionales (pocos, a mi entender) que le rebanan las \u00ednfulas al m\u00e1s pintado con un juicio y dos tajadas, me parece&nbsp; [&hellip;]<!-- AddThis Advanced Settings generic via filter on get_the_excerpt --><!-- AddThis Share Buttons generic via filter on get_the_excerpt --><\/p>\n","protected":false},"author":13,"featured_media":0,"comment_status":"open","ping_status":"closed","sticky":false,"template":"","format":"standard","meta":[],"categories":[2],"tags":[],"_links":{"self":[{"href":"https:\/\/blogs.hoy.es\/Juandomingofernandez\/wp-json\/wp\/v2\/posts\/79"}],"collection":[{"href":"https:\/\/blogs.hoy.es\/Juandomingofernandez\/wp-json\/wp\/v2\/posts"}],"about":[{"href":"https:\/\/blogs.hoy.es\/Juandomingofernandez\/wp-json\/wp\/v2\/types\/post"}],"author":[{"embeddable":true,"href":"https:\/\/blogs.hoy.es\/Juandomingofernandez\/wp-json\/wp\/v2\/users\/13"}],"replies":[{"embeddable":true,"href":"https:\/\/blogs.hoy.es\/Juandomingofernandez\/wp-json\/wp\/v2\/comments?post=79"}],"version-history":[{"count":0,"href":"https:\/\/blogs.hoy.es\/Juandomingofernandez\/wp-json\/wp\/v2\/posts\/79\/revisions"}],"wp:attachment":[{"href":"https:\/\/blogs.hoy.es\/Juandomingofernandez\/wp-json\/wp\/v2\/media?parent=79"}],"wp:term":[{"taxonomy":"category","embeddable":true,"href":"https:\/\/blogs.hoy.es\/Juandomingofernandez\/wp-json\/wp\/v2\/categories?post=79"},{"taxonomy":"post_tag","embeddable":true,"href":"https:\/\/blogs.hoy.es\/Juandomingofernandez\/wp-json\/wp\/v2\/tags?post=79"}],"curies":[{"name":"wp","href":"https:\/\/api.w.org\/{rel}","templated":true}]}}