{"id":790,"date":"2018-04-19T17:51:58","date_gmt":"2018-04-19T16:51:58","guid":{"rendered":"http:\/\/blogs.hoy.es\/Juandomingofernandez\/?p=790"},"modified":"2018-04-19T17:56:22","modified_gmt":"2018-04-19T16:56:22","slug":"entrevistas-escritores-y-generos-con-futuro","status":"publish","type":"post","link":"https:\/\/blogs.hoy.es\/Juandomingofernandez\/2018\/04\/19\/entrevistas-escritores-y-generos-con-futuro\/","title":{"rendered":"Entrevistas, escritores y g\u00e9neros con futuro"},"content":{"rendered":"<p>EN su columna del pasado fin de semana en \u2018El Pa\u00eds\u2019 se lamentaba Javier Mar\u00edas \u2013sin perder el humor, eso s\u00ed\u2013 de los excesos y descortes\u00edas que sufre por parte de algunos lectores o entusiastas que se consideran con derecho a requerirle tareas o dedicaci\u00f3n que exceden no solo el sentido com\u00fan sino su propio tiempo disponible. La columna se titula \u2018<a href=\"https:\/\/elpais.com\/elpais\/2018\/04\/10\/eps\/1523360384_495373.html\">Quitarse de la educaci\u00f3n<\/a>\u2019.<br \/>\nLos episodios de ese nutrido cat\u00e1logo de falsos devotos y \u2018plastas\u2019 que relaciona Mar\u00edas me recordaron enseguida la conocida frase-excusa tras la que se parapetaba William Faulkner ante el abuso incontinente de los admiradores: \u00abEste es un pa\u00eds libre. La gente tiene derecho a enviarme cartas y yo tengo derecho a no abrirlas\u00bb.<br \/>\nPuede parecer una postura bastante radical y pol\u00edticamente incorrecta para alguien que vive como suele decirse \u00abde cara al p\u00fablico\u00bb, y m\u00e1s en estos tiempos de promociones constantes en los que tanto autores como obras deben aspirar a las mayores cotas de \u2018visibilidad\u2019 y escaparates medi\u00e1ticos. No s\u00e9 la causa, supongo que ser\u00e1 una cuesti\u00f3n de car\u00e1cter, pero yo me solidarizo enseguida con esos escritores a quienes las tareas de promoci\u00f3n siempre les resultan algo secundario, una especie de derivaci\u00f3n \u2018comercial\u2019 que supera su compromiso esencial: escribir un buen texto, sea el que sea.<br \/>\nSin llegar a casos extremos como el de J. D. Salinger \u2013alejado adem\u00e1s de periodistas y admiradores, del resto del mundo\u2013 conozco a novelistas, poetas, pintores, fil\u00f3sofos&#8230; para quienes la simple obligaci\u00f3n de sentarse en una caseta promocional y firmar libros constituye una prueba casi insuperable de pudor. No digamos nada de lo que les supone responder a cualquier entrevista apresurada, \u2018ligera\u2019 y convencional.<br \/>\nEn 1981 Gabriel Garc\u00eda M\u00e1rquez public\u00f3 en \u2018El Pa\u00eds\u2019 \u00ab<a href=\"https:\/\/elpais.com\/diario\/1981\/07\/15\/opinion\/363996011_850215.html\">\u00bfUna entrevista? No, gracias<\/a>\u00bb, donde argumenta y resume con ilustrativos ejemplos sus reticencias respecto a ese g\u00e9nero period\u00edstico: \u00abCuando se tiene que conceder un promedio de una entrevista mensual durante doce a\u00f1os, uno termina por desarrollar otra clase de imaginaci\u00f3n especial para que todas no sean la misma entrevista repetida. En realidad\u00bb, a\u00f1ade Garc\u00eda M\u00e1rquez, \u00abel g\u00e9nero de la entrevista abandon\u00f3 hace mucho los predios rigurosos del periodismo para internarse con patente de corso en los manglares de la ficci\u00f3n\u00bb.<br \/>\nA\u00fan recuerdo la \u00e9poca en que no era nada extra\u00f1o que alg\u00fan personaje c\u00e9lebre (eso s\u00ed, del mundo de la cultura, no del espect\u00e1culo&#8230;) suger\u00eda que estaba dispuesto a contestar la entrevista \u00abpero con cuestionario\u00bb, y resultaba sincero en su justificaci\u00f3n: No lo hac\u00eda por \u00abmiedo a\u00bb sino para ser preciso y no caer torpemente en la generalidad o en el t\u00f3pico. Entrevistas con enjundia, sin materiales de aluvi\u00f3n y fecha de caducidad. Textos con \u2018opiniones contundentes\u2019, igual que las del famoso libro de Nabokov.<br \/>\nAs\u00ed que en tiempos de prisas y regates en corto, creo que tienen m\u00e1s porvenir en los escaparates medi\u00e1ticos los tuiteros con ingenio que cualquier ilustrado que reflexione con rigor, amplitud y precisi\u00f3n. No son materiales equivalentes.<\/p>\n<!-- AddThis Advanced Settings generic via filter on the_content --><!-- AddThis Share Buttons generic via filter on the_content -->","protected":false},"excerpt":{"rendered":"<p>EN su columna del pasado fin de semana en \u2018El Pa\u00eds\u2019 se lamentaba Javier Mar\u00edas \u2013sin perder el humor, eso s\u00ed\u2013 de los excesos y descortes\u00edas que sufre por parte de algunos lectores o entusiastas que se consideran con derecho a requerirle tareas o dedicaci\u00f3n que exceden no solo el sentido com\u00fan sino su propio [&hellip;]<!-- AddThis Advanced Settings generic via filter on get_the_excerpt --><!-- AddThis Share Buttons generic via filter on get_the_excerpt --><\/p>\n","protected":false},"author":13,"featured_media":0,"comment_status":"open","ping_status":"closed","sticky":false,"template":"","format":"standard","meta":[],"categories":[1],"tags":[1601,1600,462,520,1602,1598,763,987,1087,1292,1599],"_links":{"self":[{"href":"https:\/\/blogs.hoy.es\/Juandomingofernandez\/wp-json\/wp\/v2\/posts\/790"}],"collection":[{"href":"https:\/\/blogs.hoy.es\/Juandomingofernandez\/wp-json\/wp\/v2\/posts"}],"about":[{"href":"https:\/\/blogs.hoy.es\/Juandomingofernandez\/wp-json\/wp\/v2\/types\/post"}],"author":[{"embeddable":true,"href":"https:\/\/blogs.hoy.es\/Juandomingofernandez\/wp-json\/wp\/v2\/users\/13"}],"replies":[{"embeddable":true,"href":"https:\/\/blogs.hoy.es\/Juandomingofernandez\/wp-json\/wp\/v2\/comments?post=790"}],"version-history":[{"count":3,"href":"https:\/\/blogs.hoy.es\/Juandomingofernandez\/wp-json\/wp\/v2\/posts\/790\/revisions"}],"predecessor-version":[{"id":793,"href":"https:\/\/blogs.hoy.es\/Juandomingofernandez\/wp-json\/wp\/v2\/posts\/790\/revisions\/793"}],"wp:attachment":[{"href":"https:\/\/blogs.hoy.es\/Juandomingofernandez\/wp-json\/wp\/v2\/media?parent=790"}],"wp:term":[{"taxonomy":"category","embeddable":true,"href":"https:\/\/blogs.hoy.es\/Juandomingofernandez\/wp-json\/wp\/v2\/categories?post=790"},{"taxonomy":"post_tag","embeddable":true,"href":"https:\/\/blogs.hoy.es\/Juandomingofernandez\/wp-json\/wp\/v2\/tags?post=790"}],"curies":[{"name":"wp","href":"https:\/\/api.w.org\/{rel}","templated":true}]}}