{"id":794,"date":"2018-04-26T17:16:49","date_gmt":"2018-04-26T16:16:49","guid":{"rendered":"http:\/\/blogs.hoy.es\/Juandomingofernandez\/?p=794"},"modified":"2018-04-26T17:16:49","modified_gmt":"2018-04-26T16:16:49","slug":"cifuentes-las-cremas-y-los-danos-colaterales","status":"publish","type":"post","link":"https:\/\/blogs.hoy.es\/Juandomingofernandez\/2018\/04\/26\/cifuentes-las-cremas-y-los-danos-colaterales\/","title":{"rendered":"Cifuentes, las cremas y los da\u00f1os colaterales"},"content":{"rendered":"<p>EL azar de las efem\u00e9rides ha querido que coincidiera en 25 de abril, (\u2018Gr\u00e2ndola, vila morena\u2019&#8230;) el anuncio de la dimisi\u00f3n m\u00e1s ag\u00f3nica y medi\u00e1tica que se recuerda en Espa\u00f1a tras la de Francisco Camps, presidente de la Generalitat valenciana, en julio de 2011. Habr\u00e1 quienes piensen que la culpa entonces fue de unos trajes y que ahora la culpa es de unas cremas de belleza. Pero es obvio que no es as\u00ed. Los trajes y las cremas son el envoltorio de algo mucho peor en un responsable p\u00fablico: comportamientos poco ejemplares y mentiras. \u00bfHace falta recordar que la dimisi\u00f3n del presidente Nixon no se debi\u00f3 al hecho de que unos \u2018fontaneros\u2019 de su partido entraran en la sede del partido rival, sino al hecho de haber mentido descaradamente?<br \/>\nVa a resultar que Espa\u00f1a, de verdad, es diferente. Durante m\u00e1s de un mes Cristina Cifuentes se ha mantenido en la cuerda floja y al frente de la Comunidad Aut\u00f3noma de Madrid a pesar de un esc\u00e1ndalo de proporciones cinematogr\u00e1ficas y el \u2018regalo\u2019 de un m\u00e1ster universitario que ha ocasionado graves da\u00f1os colaterales precisamente a la Universidad que se lo concedi\u00f3. Por si el episodio no resultaba todo lo incendiario e intolerable preciso para que la presidenta de la Comunidad hubiera puesto de inmediato su cargo a disposici\u00f3n de su partido, ha tenido que hacerse p\u00fablico un incidente como el de las cremas sustra\u00eddas de un supermercado en 2011 para que el vaso rebose y Cifuentes decida al fin dimitir.<br \/>\nNo voy a entrar ahora en qui\u00e9n est\u00e1 detr\u00e1s y cu\u00e1les son los motivos de esa filtraci\u00f3n a la prensa. Ese es tema para otra reflexi\u00f3n.<br \/>\nLo cierto es que pocos minutos despu\u00e9s de conocerse el episodio de las cremas en las redes sociales pululaban \u2018memes\u2019 y chistes cuajados de ingenio y sarcasmo: como ese que reproduce un cartel con seis retratos de Cifuentes en diversas \u00e9pocas y este encabezamiento: \u00abPor lo menos queda claro que las cremas *** van de puta madre\u00bb.<br \/>\nSin embargo, m\u00e1s all\u00e1 del humor \u2013esa v\u00e1lvula de escape contra el malestar social\u2013 creo que la sensaci\u00f3n generalizada tras conocerse el asunto de las cremas fue la incredulidad. \u00ab\u00bfQue la pillaron robando cremas? \u00bfEs una broma\u00bb, se preguntaba la gente al difundirse la noticia. Nada de bromas.<br \/>\nA partir de ah\u00ed caben dos posiciones. La primera, atribuir directamente a la \u2018moralidad relajada\u2019 estos comportamientos inadmisibles en cualquier cargo p\u00fablico, y la segunda, preguntarse qu\u00e9 necesidad ten\u00eda esta se\u00f1ora, con su posici\u00f3n y sus ingresos econ\u00f3micos, de \u2018aceptar\u2019 un m\u00e1ster universitario en esas condiciones o de llevarse (seg\u00fan ella \u00abpor error\u00bb y de \u00abmanera involuntaria\u00bb) unas cremas que apenas valen 40 euros.<br \/>\nPuestos en el caso, habr\u00e1 quienes le reprochen tambi\u00e9n no solo la inmoralidad del \u2018descuido\u2019 y las mentiras sobre el m\u00e1ster, sino lo cutre de ambos procederes, frente a las golfer\u00edas de altura y el desparpajo de otros conmilitones que les proporcion\u00f3 al menos millones de euros aunque les obligara a destrozar discos duros y llevarse la pasta a para\u00edsos fiscales. Qu\u00e9 nivel.<\/p>\n<!-- AddThis Advanced Settings generic via filter on the_content --><!-- AddThis Share Buttons generic via filter on the_content -->","protected":false},"excerpt":{"rendered":"<p>EL azar de las efem\u00e9rides ha querido que coincidiera en 25 de abril, (\u2018Gr\u00e2ndola, vila morena\u2019&#8230;) el anuncio de la dimisi\u00f3n m\u00e1s ag\u00f3nica y medi\u00e1tica que se recuerda en Espa\u00f1a tras la de Francisco Camps, presidente de la Generalitat valenciana, en julio de 2011. Habr\u00e1 quienes piensen que la culpa entonces fue de unos trajes [&hellip;]<!-- AddThis Advanced Settings generic via filter on get_the_excerpt --><!-- AddThis Share Buttons generic via filter on get_the_excerpt --><\/p>\n","protected":false},"author":13,"featured_media":0,"comment_status":"open","ping_status":"closed","sticky":false,"template":"","format":"standard","meta":[],"categories":[1],"tags":[189,1606,1603,319,1607,422,1605,1604,1015,1087],"_links":{"self":[{"href":"https:\/\/blogs.hoy.es\/Juandomingofernandez\/wp-json\/wp\/v2\/posts\/794"}],"collection":[{"href":"https:\/\/blogs.hoy.es\/Juandomingofernandez\/wp-json\/wp\/v2\/posts"}],"about":[{"href":"https:\/\/blogs.hoy.es\/Juandomingofernandez\/wp-json\/wp\/v2\/types\/post"}],"author":[{"embeddable":true,"href":"https:\/\/blogs.hoy.es\/Juandomingofernandez\/wp-json\/wp\/v2\/users\/13"}],"replies":[{"embeddable":true,"href":"https:\/\/blogs.hoy.es\/Juandomingofernandez\/wp-json\/wp\/v2\/comments?post=794"}],"version-history":[{"count":1,"href":"https:\/\/blogs.hoy.es\/Juandomingofernandez\/wp-json\/wp\/v2\/posts\/794\/revisions"}],"predecessor-version":[{"id":795,"href":"https:\/\/blogs.hoy.es\/Juandomingofernandez\/wp-json\/wp\/v2\/posts\/794\/revisions\/795"}],"wp:attachment":[{"href":"https:\/\/blogs.hoy.es\/Juandomingofernandez\/wp-json\/wp\/v2\/media?parent=794"}],"wp:term":[{"taxonomy":"category","embeddable":true,"href":"https:\/\/blogs.hoy.es\/Juandomingofernandez\/wp-json\/wp\/v2\/categories?post=794"},{"taxonomy":"post_tag","embeddable":true,"href":"https:\/\/blogs.hoy.es\/Juandomingofernandez\/wp-json\/wp\/v2\/tags?post=794"}],"curies":[{"name":"wp","href":"https:\/\/api.w.org\/{rel}","templated":true}]}}