{"id":803,"date":"2018-05-10T12:33:16","date_gmt":"2018-05-10T11:33:16","guid":{"rendered":"http:\/\/blogs.hoy.es\/Juandomingofernandez\/?p=803"},"modified":"2018-05-10T12:54:53","modified_gmt":"2018-05-10T11:54:53","slug":"julio-lopez-hernandez","status":"publish","type":"post","link":"https:\/\/blogs.hoy.es\/Juandomingofernandez\/2018\/05\/10\/julio-lopez-hernandez\/","title":{"rendered":"Julio L\u00f3pez Hern\u00e1ndez"},"content":{"rendered":"<p>NADA m\u00e1s enterarme de la muerte del escultor Julio L\u00f3pez Hern\u00e1ndez, fallecido el martes en Madrid, decid\u00ed rendirle el que me parece mejor homenaje que puede tributarse a un artista: admirar otra vez alguna de las obras que le vinculan estrechamente a Extremadura. As\u00ed que durante un buen rato disfrut\u00e9 ayer en silencio con la belleza de su escultura \u2018Esperanza y ella en el libro\u2019, un bronce con el que obtuvo el Premio C\u00e1ceres 1980 de escultura que convocaba la Diputaci\u00f3n Provincial de C\u00e1ceres y que ahora pertenece a los fondos de la Secci\u00f3n de Bellas Artes del Museo\u00a0ubicados en la antigua Casa de los Caballos.<\/p>\n<p><a href=\"https:\/\/static-blogs.hoy.es\/wp-content\/uploads\/sites\/11\/2018\/05\/Esperanza-y-ella-en-el-libro-de-Julio-L\u00f3pez-Hern\u00e1ndez-e1525951364876.jpg\"><img loading=\"lazy\" class=\"alignnone size-medium wp-image-802\" src=\"https:\/\/static-blogs.hoy.es\/wp-content\/uploads\/sites\/11\/2018\/05\/Esperanza-y-ella-en-el-libro-de-Julio-L\u00f3pez-Hern\u00e1ndez-e1525951364876-225x300.jpg\" alt=\"esperanza-y-ella-en-el-libro-de-julio-lopez-hernandez\" width=\"225\" height=\"300\" srcset=\"https:\/\/static-blogs.hoy.es\/wp-content\/uploads\/sites\/11\/2018\/05\/Esperanza-y-ella-en-el-libro-de-Julio-L\u00f3pez-Hern\u00e1ndez-e1525951364876-225x300.jpg 225w, https:\/\/static-blogs.hoy.es\/wp-content\/uploads\/sites\/11\/2018\/05\/Esperanza-y-ella-en-el-libro-de-Julio-L\u00f3pez-Hern\u00e1ndez-e1525951364876-768x1024.jpg 768w, https:\/\/static-blogs.hoy.es\/wp-content\/uploads\/sites\/11\/2018\/05\/Esperanza-y-ella-en-el-libro-de-Julio-L\u00f3pez-Hern\u00e1ndez-e1525951364876.jpg 1512w\" sizes=\"(max-width: 225px) 100vw, 225px\" \/><\/a><\/p>\n<p>La pieza, que representa el torso de una mujer en posici\u00f3n horizontal mientras sostiene en sus manos un libro abierto en cuyas p\u00e1ginas se perfila la silueta de su rostro, enseguida capta la atenci\u00f3n del visitante, pues adem\u00e1s del realismo minucioso de las manos y del libro, transmite una expresividad po\u00e9tica y misteriosa. Acaso la met\u00e1fora de la lectura, la imagen de la placidez.<br \/>\nAunque muchos extreme\u00f1os no sepan que esa escultura de Julio L\u00f3pez Hern\u00e1ndez \u2013escoltada nada menos que por cuadros de Eduardo Arroyo, Equipo Cr\u00f3nica, Saura, Genov\u00e9s, Millares, Palazuelo, Canogar&#8230; y esculturas de Oteiza, Mart\u00edn Chirino, Pablo Serrano, Baltasar Lobo, Alberto S\u00e1nchez&#8230;\u2013 est\u00e1 accesible en un espacio p\u00fablico como el Museo de C\u00e1ceres, no puede decirse que la obra y la figura de Julio L\u00f3pez Hern\u00e1ndez sean desconocidas o ajenas en nuestra tierra. Ya en 1979, por ejemplo, su escultura \u2018\u00darsula\u2019 fue expuesta en Badajoz en una muestra organizada por la entonces Caja de Ahorros y Monte de Piedad de Badajoz con obras procedentes de la Colecci\u00f3n de Arte Espa\u00f1ol Contempor\u00e1neo de la Fundaci\u00f3n Juan March.<br \/>\nUna d\u00e9cada despu\u00e9s, en 1990, esculturas de Julio L\u00f3pez Hern\u00e1ndez pudieron admirarse tambi\u00e9n en C\u00e1ceres, en los claustros del Complejo Cultural San Francisco junto con otras obras de grandes maestros de la escultura espa\u00f1ola del siglo XX pertenecientes a la colecci\u00f3n privada de Eduardo Capa, veterano fundidor, disc\u00edpulo y amigo del extreme\u00f1o P\u00e9rez Comendador.<br \/>\nEn 2004, con motivo del XXVI Sal\u00f3n de Oto\u00f1o de Pintura y el impulso y mezenazgo de Caja de Extremadura, Antonio L\u00f3pez (pintura) y Julio L\u00f3pez (escultura) imparten en Plasencia durante una semana un taller de artes pl\u00e1sticas para 50 j\u00f3venes artistas llegados de toda Espa\u00f1a. Dos a\u00f1os m\u00e1s tarde, en 2006, Julio L\u00f3pez Hern\u00e1ndez era designado presidente del jurado del I Premio Internacional de Escultura que convoc\u00f3 la Obra Social de la Caja de Extremadura, la misma que en 2008 organiz\u00f3 y patrocin\u00f3 la magna exposici\u00f3n \u2018Realidades de la realidad\u2019, que pudo verse en Badajoz y en C\u00e1ceres, y que reuni\u00f3 piezas tan conocidas de Julio L\u00f3pez Hern\u00e1ndez como \u2018Marcela y su luz\u2019 o la estatua de Federico Garc\u00eda Lorca, aparte, claro est\u00e1, de pinturas de Eduardo Naranjo, Antonio L\u00f3pez, Mar\u00eda Moreno, Carmen Laffon, Isabel Quintanilla, Crist\u00f3bal Toral, Jos\u00e9 Hern\u00e1ndez, Amalia Avia y esculturas de Francisco L\u00f3pez (hermano de Julio) autor precisamente de las dos figuras femeninas que coronan la fachada de la Asamblea de Extremadura en M\u00e9rida.<\/p>\n<!-- AddThis Advanced Settings generic via filter on the_content --><!-- AddThis Share Buttons generic via filter on the_content -->","protected":false},"excerpt":{"rendered":"<p>NADA m\u00e1s enterarme de la muerte del escultor Julio L\u00f3pez Hern\u00e1ndez, fallecido el martes en Madrid, decid\u00ed rendirle el que me parece mejor homenaje que puede tributarse a un artista: admirar otra vez alguna de las obras que le vinculan estrechamente a Extremadura. As\u00ed que durante un buen rato disfrut\u00e9 ayer en silencio con la [&hellip;]<!-- AddThis Advanced Settings generic via filter on get_the_excerpt --><!-- AddThis Share Buttons generic via filter on get_the_excerpt --><\/p>\n","protected":false},"author":13,"featured_media":0,"comment_status":"open","ping_status":"closed","sticky":false,"template":"","format":"standard","meta":[],"categories":[1],"tags":[103,126,179,1615,456,1614,1616],"_links":{"self":[{"href":"https:\/\/blogs.hoy.es\/Juandomingofernandez\/wp-json\/wp\/v2\/posts\/803"}],"collection":[{"href":"https:\/\/blogs.hoy.es\/Juandomingofernandez\/wp-json\/wp\/v2\/posts"}],"about":[{"href":"https:\/\/blogs.hoy.es\/Juandomingofernandez\/wp-json\/wp\/v2\/types\/post"}],"author":[{"embeddable":true,"href":"https:\/\/blogs.hoy.es\/Juandomingofernandez\/wp-json\/wp\/v2\/users\/13"}],"replies":[{"embeddable":true,"href":"https:\/\/blogs.hoy.es\/Juandomingofernandez\/wp-json\/wp\/v2\/comments?post=803"}],"version-history":[{"count":1,"href":"https:\/\/blogs.hoy.es\/Juandomingofernandez\/wp-json\/wp\/v2\/posts\/803\/revisions"}],"predecessor-version":[{"id":804,"href":"https:\/\/blogs.hoy.es\/Juandomingofernandez\/wp-json\/wp\/v2\/posts\/803\/revisions\/804"}],"wp:attachment":[{"href":"https:\/\/blogs.hoy.es\/Juandomingofernandez\/wp-json\/wp\/v2\/media?parent=803"}],"wp:term":[{"taxonomy":"category","embeddable":true,"href":"https:\/\/blogs.hoy.es\/Juandomingofernandez\/wp-json\/wp\/v2\/categories?post=803"},{"taxonomy":"post_tag","embeddable":true,"href":"https:\/\/blogs.hoy.es\/Juandomingofernandez\/wp-json\/wp\/v2\/tags?post=803"}],"curies":[{"name":"wp","href":"https:\/\/api.w.org\/{rel}","templated":true}]}}