{"id":810,"date":"2018-05-31T18:57:03","date_gmt":"2018-05-31T17:57:03","guid":{"rendered":"http:\/\/blogs.hoy.es\/Juandomingofernandez\/?p=810"},"modified":"2018-05-31T18:57:03","modified_gmt":"2018-05-31T17:57:03","slug":"octavio-paz-y-las-llamas","status":"publish","type":"post","link":"https:\/\/blogs.hoy.es\/Juandomingofernandez\/2018\/05\/31\/octavio-paz-y-las-llamas\/","title":{"rendered":"Octavio Paz y las llamas"},"content":{"rendered":"<p>Quien se haya trasladado alguna vez de vivienda o cambiado de casa estar\u00e1 de acuerdo con la frase: \u201cTres mudanzas equivalen a un incendio\u201d, sobre todo si el que se muda posee unos cientos o unos miles de libros en su biblioteca. La sensaci\u00f3n de p\u00e9rdida y \u2018desorden\u2019 que sucede a las mudanzas deja de ser a veces una met\u00e1fora y se convierte en realidad. En la historia existen muchos casos famosos aunque el paradigm\u00e1tico tal vez sea el de la Biblioteca de Alejandr\u00eda y m\u00e1s recientemente el del fuego que arras\u00f3 la Biblioteca de Sarajevo, pr\u00e1cticamente anteayer y justo aqu\u00ed al lado, en el coraz\u00f3n de la vieja Europa.<\/p>\n<p>En las navidades de 1996 Octavio Paz sufri\u00f3 el desgarro real de ver c\u00f3mo las llamas arrasaban en M\u00e9xico parte de su casa y de su biblioteca. Jes\u00fas Marchamalo cont\u00f3 a\u00f1os despu\u00e9s en \u2018Tocar los libros\u2019 que el premio Nobel \u201cnunca consigui\u00f3 sobreponerse al incendio de sus libros. Porque con los libros no s\u00f3lo se quemaron las historias, los personajes, los lugares. Con los libros ardieron las dedicatorias, las anotaciones en los m\u00e1rgenes, las erratas corregidas a mano. Con los libros ardieron las tardes luminosas en las que los hab\u00eda le\u00eddo, el olor del papel, el orden de las estanter\u00edas, el tacto de los amigos a los que se los hab\u00eda prestado\u201d.<\/p>\n<p>Sin embargo, yo creo que la gran cr\u00f3nica de aquel suceso la escribi\u00f3 en \u2018ABC\u2019 el periodista Antonio Astorga, que habl\u00f3 por tel\u00e9fono con Octavio Paz a las pocas horas del suceso. \u201cEl fuego se ha llevado una parte muy importante de toda mi vida. Me ha dejado m\u00e1s ligero de equipaje. Es como si se hubiera llevado a un amigo, a grandes amigos, de los que jam\u00e1s tendr\u00e1s noticias ni podr\u00e1s escribirles porque desconoces su paradero\u201d.<\/p>\n<p>Octavio Paz inventariaba los da\u00f1os: obras de G\u00f3ngora, Quevedo, todo Gald\u00f3s, cl\u00e1sicos franceses, ingleses, incluso chinos. Y se dol\u00eda en especial de algunas p\u00e9rdidas: la obra de Machado y la poes\u00eda iberoamericana modernista. \u201cSe fue todo Rub\u00e9n. La primera edici\u00f3n de \u2018Azul\u2019. La segunda de \u2018Prosas profanas\u2019, que es la cl\u00e1sica, la mejor. La primera edici\u00f3n de \u2018Cantos de vida y esperanza\u2019\u201d. M\u00e1s objetos y recuerdos atesorados durante toda una vida. Y arte: obras de Roberto Matta, Mir\u00f3, T\u00e0pies, Rauschenberg\u2026<\/p>\n<p>Pero releyendo ahora el recorte de \u2018ABC\u2019 con la cr\u00f3nica de A. Astorga lo que m\u00e1s me sorprende de aquel episodio no es el dolor del premio Nobel que escribi\u00f3 \u2018El laberinto de la soledad\u2019 y \u2018Libertad bajo palabra\u2019 sino la lucidez de un hombre de 82 a\u00f1os, con limitaciones para moverse, que festeja el coraje de su mujer: \u201cHe vuelto a nacer gracias al esp\u00edritu corso de mi esposa que encabez\u00f3 la retirada de los dos\u201d. La actitud vitalista de un hombre que antepone al lamento el deseo de agradecer la solidaridad y generosidad de sus vecinos, r\u00e1pidos y dispuestos a auxiliarles. El ejemplo c\u00edvico de quien reconoce que las llamas le han dejado \u201calgo m\u00e1s ligero de equipaje\u201d pero sigue mirando hacia delante.<\/p>\n<!-- AddThis Advanced Settings generic via filter on the_content --><!-- AddThis Share Buttons generic via filter on the_content -->","protected":false},"excerpt":{"rendered":"<p>Quien se haya trasladado alguna vez de vivienda o cambiado de casa estar\u00e1 de acuerdo con la frase: \u201cTres mudanzas equivalen a un incendio\u201d, sobre todo si el que se muda posee unos cientos o unos miles de libros en su biblioteca. La sensaci\u00f3n de p\u00e9rdida y \u2018desorden\u2019 que sucede a las mudanzas deja de [&hellip;]<!-- AddThis Advanced Settings generic via filter on get_the_excerpt --><!-- AddThis Share Buttons generic via filter on get_the_excerpt --><\/p>\n","protected":false},"author":13,"featured_media":0,"comment_status":"open","ping_status":"closed","sticky":false,"template":"","format":"standard","meta":[],"categories":[1],"tags":[1626,1625,1630,1623,1627,617,1629,758,763,1628,1624,1622],"_links":{"self":[{"href":"https:\/\/blogs.hoy.es\/Juandomingofernandez\/wp-json\/wp\/v2\/posts\/810"}],"collection":[{"href":"https:\/\/blogs.hoy.es\/Juandomingofernandez\/wp-json\/wp\/v2\/posts"}],"about":[{"href":"https:\/\/blogs.hoy.es\/Juandomingofernandez\/wp-json\/wp\/v2\/types\/post"}],"author":[{"embeddable":true,"href":"https:\/\/blogs.hoy.es\/Juandomingofernandez\/wp-json\/wp\/v2\/users\/13"}],"replies":[{"embeddable":true,"href":"https:\/\/blogs.hoy.es\/Juandomingofernandez\/wp-json\/wp\/v2\/comments?post=810"}],"version-history":[{"count":2,"href":"https:\/\/blogs.hoy.es\/Juandomingofernandez\/wp-json\/wp\/v2\/posts\/810\/revisions"}],"predecessor-version":[{"id":812,"href":"https:\/\/blogs.hoy.es\/Juandomingofernandez\/wp-json\/wp\/v2\/posts\/810\/revisions\/812"}],"wp:attachment":[{"href":"https:\/\/blogs.hoy.es\/Juandomingofernandez\/wp-json\/wp\/v2\/media?parent=810"}],"wp:term":[{"taxonomy":"category","embeddable":true,"href":"https:\/\/blogs.hoy.es\/Juandomingofernandez\/wp-json\/wp\/v2\/categories?post=810"},{"taxonomy":"post_tag","embeddable":true,"href":"https:\/\/blogs.hoy.es\/Juandomingofernandez\/wp-json\/wp\/v2\/tags?post=810"}],"curies":[{"name":"wp","href":"https:\/\/api.w.org\/{rel}","templated":true}]}}