{"id":813,"date":"2018-06-07T18:06:34","date_gmt":"2018-06-07T17:06:34","guid":{"rendered":"http:\/\/blogs.hoy.es\/Juandomingofernandez\/?p=813"},"modified":"2018-06-07T18:06:34","modified_gmt":"2018-06-07T17:06:34","slug":"lo-urgente-y-lo-importante","status":"publish","type":"post","link":"https:\/\/blogs.hoy.es\/Juandomingofernandez\/2018\/06\/07\/lo-urgente-y-lo-importante\/","title":{"rendered":"Lo urgente y lo importante"},"content":{"rendered":"<p>El cometa de la moci\u00f3n de censura ha dejado una estela en la que Rajoy cumple con su vocaci\u00f3n de estatua, Pedro S\u00e1nchez su condici\u00f3n de resucitado y el problema catal\u00e1n ahonda y persiste en el supremacismo sectario del \u2018proc\u00e9s\u2019, la apoteosis de sus contradicciones: basta reparar en c\u00f3mo han recibido por ejemplo el <a href=\"https:\/\/www.huffingtonpost.es\/2018\/06\/04\/puigdemont-contra-el-nombramiento-de-borrell-como-ministro-de-asuntos-exteriores_a_23450585\/\">nombramiento de Borrell<\/a> para ministro de Asuntos Exteriores o c\u00f3mo maniobran dentro del <a href=\"https:\/\/politica.elpais.com\/politica\/2018\/06\/05\/actualidad\/1528200231_549844.html\">filibusterismo jur\u00eddico belga<\/a> con su airada pretensi\u00f3n de convertir a Llarena en reo en vez de en juez. \u00bfSer\u00e1 por dinero? \u00bfO por retorcer la verdad?<\/p>\n<p>Sin embargo, en estos d\u00edas de acontecimientos vertiginosos en la pol\u00edtica nacional, ha sido una noticia medio perdida en el mosaico de las p\u00e1ginas de sucesos la que me ha conmovido y llenado de inquietud: el hallazgo de una mujer en su casa de Valencia que llevaba cuatro a\u00f1os muerta sin que nadie la echara de menos. Cuando los periodistas escarban en la noticia se topan con historias muy similares a las de otras personas que tambi\u00e9n murieron tras a\u00f1os viviendo en soledad. Los testimonios jalonan las hemerotecas: \u00abLe iban a desahuciar y por eso descubrieron el cad\u00e1ver\u00bb. \u00abPensamos que se hab\u00eda ido con alg\u00fan familiar\u00bb. \u00abEra poco habladora, no nos extra\u00f1\u00f3 que se hubiera marchado sin despedirse\u00bb. \u00abApenas sal\u00eda de casa y con los vecinos se limitaba a los saludos de rigor\u00bb. \u00abEs la muerte de un hombre solo en una sociedad en la que no prestamos atenci\u00f3n a nuestro vecino\u00bb. Detr\u00e1s de esas historias existe la minuciosa trama de circunstancias que caracterizan la existencia de cualquier ser humano que llega a la edad adulta: desde los tonos encendidos del blanco y las alegr\u00edas a los contumaces negros de la tristeza y los desencuentros, pasando por los grises y la gama variada de colores que admite una vida. Pero detr\u00e1s de esas historias lo que siempre aparece es un denominador com\u00fan: la soledad. El mal de una sociedad que cada a\u00f1o precisa m\u00e1s residencias de ancianos y menos guarder\u00edas infantiles.<\/p>\n<p>Un horizonte poco esperanzador. Seg\u00fan el INE, <a href=\"http:\/\/cadenaser.com\/ser\/2017\/04\/05\/sociedad\/1491384340_846380.html\">sigue aumentando el n\u00famero de espa\u00f1oles que viven solos<\/a>, cifra que alcanz\u00f3 los 4,6 millones de hogares (uno de cada cuatro) en 2016. Cuando la soledad no es deseada sino impuesta, algo no funciona bien. Quiz\u00e1s en esta semana en que se han vivido acontecimientos nacionales como el cambio de Gobierno por una moci\u00f3n de censura y la amenaza latente del \u2018proc\u00e9s\u2019 ilegal y supremacista, la noticia del hallazgo de una anciana que llevaba cuatro a\u00f1os fallecida sin que nadie hubiese reparado en ello puede parecer un asunto dom\u00e9stico y menor, pero yo creo que no es as\u00ed. Visto con perspectiva, los cambios y crisis en los gobiernos acaban por resolverse y los relojes terminan poni\u00e9ndose en hora. Son asuntos que suceden en la superficie de la sociedad y siempre escampa. Pero el problema de una sociedad envejecida y con una soledad galopante no es dom\u00e9stico ni anecd\u00f3tico, sino estructural. Y me temo que hace falta algo m\u00e1s que unas elecciones cada cuatro a\u00f1os para resolverlo.<\/p>\n<!-- AddThis Advanced Settings generic via filter on the_content --><!-- AddThis Share Buttons generic via filter on the_content -->","protected":false},"excerpt":{"rendered":"<p>El cometa de la moci\u00f3n de censura ha dejado una estela en la que Rajoy cumple con su vocaci\u00f3n de estatua, Pedro S\u00e1nchez su condici\u00f3n de resucitado y el problema catal\u00e1n ahonda y persiste en el supremacismo sectario del \u2018proc\u00e9s\u2019, la apoteosis de sus contradicciones: basta reparar en c\u00f3mo han recibido por ejemplo el nombramiento [&hellip;]<!-- AddThis Advanced Settings generic via filter on get_the_excerpt --><!-- AddThis Share Buttons generic via filter on get_the_excerpt --><\/p>\n","protected":false},"author":13,"featured_media":0,"comment_status":"open","ping_status":"closed","sticky":false,"template":"","format":"standard","meta":[],"categories":[1],"tags":[1508,1631,205,319,320,1632,422,1633,1457,1204],"_links":{"self":[{"href":"https:\/\/blogs.hoy.es\/Juandomingofernandez\/wp-json\/wp\/v2\/posts\/813"}],"collection":[{"href":"https:\/\/blogs.hoy.es\/Juandomingofernandez\/wp-json\/wp\/v2\/posts"}],"about":[{"href":"https:\/\/blogs.hoy.es\/Juandomingofernandez\/wp-json\/wp\/v2\/types\/post"}],"author":[{"embeddable":true,"href":"https:\/\/blogs.hoy.es\/Juandomingofernandez\/wp-json\/wp\/v2\/users\/13"}],"replies":[{"embeddable":true,"href":"https:\/\/blogs.hoy.es\/Juandomingofernandez\/wp-json\/wp\/v2\/comments?post=813"}],"version-history":[{"count":1,"href":"https:\/\/blogs.hoy.es\/Juandomingofernandez\/wp-json\/wp\/v2\/posts\/813\/revisions"}],"predecessor-version":[{"id":814,"href":"https:\/\/blogs.hoy.es\/Juandomingofernandez\/wp-json\/wp\/v2\/posts\/813\/revisions\/814"}],"wp:attachment":[{"href":"https:\/\/blogs.hoy.es\/Juandomingofernandez\/wp-json\/wp\/v2\/media?parent=813"}],"wp:term":[{"taxonomy":"category","embeddable":true,"href":"https:\/\/blogs.hoy.es\/Juandomingofernandez\/wp-json\/wp\/v2\/categories?post=813"},{"taxonomy":"post_tag","embeddable":true,"href":"https:\/\/blogs.hoy.es\/Juandomingofernandez\/wp-json\/wp\/v2\/tags?post=813"}],"curies":[{"name":"wp","href":"https:\/\/api.w.org\/{rel}","templated":true}]}}