{"id":816,"date":"2018-06-14T15:18:20","date_gmt":"2018-06-14T14:18:20","guid":{"rendered":"http:\/\/blogs.hoy.es\/Juandomingofernandez\/?p=816"},"modified":"2018-06-14T15:18:20","modified_gmt":"2018-06-14T14:18:20","slug":"la-casa-de-landero-en-alburquerque","status":"publish","type":"post","link":"https:\/\/blogs.hoy.es\/Juandomingofernandez\/2018\/06\/14\/la-casa-de-landero-en-alburquerque\/","title":{"rendered":"La casa de Landero en Alburquerque"},"content":{"rendered":"<p>EL 8 de abril de 2009 fui a Alburquerque para <a href=\"http:\/\/www.hoy.es\/20090412\/local\/exito-mercancia-deleznable-mascaras-200904120941.html\">entrevistar a Luis Landero<\/a> en su casa natal. En un recuadro-perfil caracter\u00edstico de la serie \u2018Zona de Paso\u2019 que entonces firmaba en HOY, subray\u00e9 algunos detalles de la conversaci\u00f3n: <strong>\u201c\u00abEsta es la casa de mi infancia\u00bb, dice mientras nos franquea la puerta de una vivienda de dos plantas de la calle Calzada, cerca de la plaza de su Alburquerque natal. Al fondo, a la izquierda, en la vieja cocina, su madre le est\u00e1 preparando \u00abuna entomat\u00e1\u00bb. Ella tiene 91 a\u00f1os, aunque parece m\u00e1s joven. Es muy cordial, con esa sencillez y naturalidad propia de quien no necesita fingir ni aparentar\u201d<\/strong>.<\/p>\n<p><a href=\"https:\/\/static-blogs.hoy.es\/wp-content\/uploads\/sites\/11\/2018\/06\/LANDERO-12.jpg\"><img loading=\"lazy\" class=\"alignnone wp-image-817 size-full\" src=\"https:\/\/static-blogs.hoy.es\/wp-content\/uploads\/sites\/11\/2018\/06\/LANDERO-12.jpg\" alt=\"landero-12\" width=\"3104\" height=\"2072\" srcset=\"https:\/\/static-blogs.hoy.es\/wp-content\/uploads\/sites\/11\/2018\/06\/LANDERO-12.jpg 3104w, https:\/\/static-blogs.hoy.es\/wp-content\/uploads\/sites\/11\/2018\/06\/LANDERO-12-300x200.jpg 300w, https:\/\/static-blogs.hoy.es\/wp-content\/uploads\/sites\/11\/2018\/06\/LANDERO-12-768x513.jpg 768w, https:\/\/static-blogs.hoy.es\/wp-content\/uploads\/sites\/11\/2018\/06\/LANDERO-12-1024x684.jpg 1024w\" sizes=\"(max-width: 3104px) 100vw, 3104px\" \/><\/a><\/p>\n<p>Recuerdo que el fot\u00f3grafo Lorenzo Cordero y yo seguimos a Landero por la semipenumbra del pasillo enlosado hasta llegar a la luz deslumbrante del patio y subir por la escalera encalada que conduc\u00eda a una habitaci\u00f3n con pavimento de baldosas hidr\u00e1ulicas y ese mobiliario mestizo tan familiar en las casas de la Extremadura rural que siguen conservando el sabor del ayer.<\/p>\n<p><a href=\"https:\/\/static-blogs.hoy.es\/wp-content\/uploads\/sites\/11\/2018\/06\/LANDERO-02.jpg\"><img loading=\"lazy\" class=\"alignnone wp-image-818 size-full\" src=\"https:\/\/static-blogs.hoy.es\/wp-content\/uploads\/sites\/11\/2018\/06\/LANDERO-02.jpg\" alt=\"landero-02\" width=\"3104\" height=\"2072\" srcset=\"https:\/\/static-blogs.hoy.es\/wp-content\/uploads\/sites\/11\/2018\/06\/LANDERO-02.jpg 3104w, https:\/\/static-blogs.hoy.es\/wp-content\/uploads\/sites\/11\/2018\/06\/LANDERO-02-300x200.jpg 300w, https:\/\/static-blogs.hoy.es\/wp-content\/uploads\/sites\/11\/2018\/06\/LANDERO-02-768x513.jpg 768w, https:\/\/static-blogs.hoy.es\/wp-content\/uploads\/sites\/11\/2018\/06\/LANDERO-02-1024x684.jpg 1024w\" sizes=\"(max-width: 3104px) 100vw, 3104px\" \/><\/a><\/p>\n<p>El pasado domingo, en la secci\u00f3n Cartas a la Directora, el lector Fernando Garc\u00eda Rodr\u00edguez daba la voz de alarma desde Madrid: \u2018La casa natal de Landero, a la venta\u2019. En su escrito recuerda que el Ayuntamiento de Alburquerque, \u201ca trav\u00e9s del servicio de Turismo y Tauromaquia de la Diputaci\u00f3n de Badajoz, ha creado una ruta tur\u00edstica-cultural dedicada al escritor, que recorre algunos de los lugares en los que se desarroll\u00f3 la vida de Landero, incluyendo la casa donde naci\u00f3. Creo que ser\u00eda una oportunidad para Extremadura convertir esa vivienda en una casa- museo que preserve los recuerdos y el legado personal del escritor m\u00e1s notable de Extremadura y uno de los m\u00e1s reconocidos de Espa\u00f1a\u201d.<\/p>\n<p>Subraya tambi\u00e9n la importancia de conservar una casa centenaria con la arquitectura propia de la zona y apunta casos similares en los que las administraciones \u201chan rescatado de un seguro olvido casas de artistas o escritores que, de otro modo, hubieran desaparecido. La casa de Gustavo Adolfo B\u00e9cquer, en Noviercas (Soria), en las que pas\u00f3 largas temporadas el poeta, y que fue rehabilitada por el Ayuntamiento de la localidad; o la de Luis Cernuda en Sevilla, comprada por el consistorio de la capital andaluza\u201d.<\/p>\n<p>Tiempo le ha faltado a la <a href=\"http:\/\/www.revistaazagala.org\/index.php\/2018\/06\/12\/proponen-comprar-la-casa-natal-de-luis-landero-para-fomentar-el-turismo\/\">revista \u2018Azagala\u2019 de Alburquerque<\/a> para sumarse a la reivindicaci\u00f3n, dando por hecho, eso s\u00ed, que la situaci\u00f3n econ\u00f3mica del Ayuntamiento de la villa obligar\u00e1 a la Junta de Extremadura a tomar la iniciativa para convertir esa vivienda \u201cen una especie de centro de interpretaci\u00f3n de la obra de nuestro m\u00e1s insigne paisano, Luis Landero\u201d.<\/p>\n<p>Porque esta casa de Alburquerque no es solo la de la infancia nutricia de \u2018El balc\u00f3n en invierno\u2019 sino el territorio, \u201cel breve microcosmos\u201d \u2013como el propio Landero esboza magistralmente en \u2018Esta es mi tierra\u2019\u2013 donde conoci\u00f3 en sus primeros a\u00f1os \u201ccasi todo cuanto hay que conocer en la vida: la felicidad, el dolor, el amor, el miedo, la amistad, el lenguaje\u2026\u201d. Otro s\u00edmbolo de la cultura y la historia de esta regi\u00f3n que no debemos ceder a la incuria o al olvido.<\/p>\n<p>FOTOS: LORENZO CORDERO<\/p>\n<p>&nbsp;<\/p>\n<!-- AddThis Advanced Settings generic via filter on the_content --><!-- AddThis Share Buttons generic via filter on the_content -->","protected":false},"excerpt":{"rendered":"<p>EL 8 de abril de 2009 fui a Alburquerque para entrevistar a Luis Landero en su casa natal. En un recuadro-perfil caracter\u00edstico de la serie \u2018Zona de Paso\u2019 que entonces firmaba en HOY, subray\u00e9 algunos detalles de la conversaci\u00f3n: \u201c\u00abEsta es la casa de mi infancia\u00bb, dice mientras nos franquea la puerta de una vivienda [&hellip;]<!-- AddThis Advanced Settings generic via filter on get_the_excerpt --><!-- AddThis Share Buttons generic via filter on get_the_excerpt --><\/p>\n","protected":false},"author":13,"featured_media":0,"comment_status":"open","ping_status":"closed","sticky":false,"template":"","format":"standard","meta":[],"categories":[1],"tags":[1634,456,622,763,778,974],"_links":{"self":[{"href":"https:\/\/blogs.hoy.es\/Juandomingofernandez\/wp-json\/wp\/v2\/posts\/816"}],"collection":[{"href":"https:\/\/blogs.hoy.es\/Juandomingofernandez\/wp-json\/wp\/v2\/posts"}],"about":[{"href":"https:\/\/blogs.hoy.es\/Juandomingofernandez\/wp-json\/wp\/v2\/types\/post"}],"author":[{"embeddable":true,"href":"https:\/\/blogs.hoy.es\/Juandomingofernandez\/wp-json\/wp\/v2\/users\/13"}],"replies":[{"embeddable":true,"href":"https:\/\/blogs.hoy.es\/Juandomingofernandez\/wp-json\/wp\/v2\/comments?post=816"}],"version-history":[{"count":2,"href":"https:\/\/blogs.hoy.es\/Juandomingofernandez\/wp-json\/wp\/v2\/posts\/816\/revisions"}],"predecessor-version":[{"id":820,"href":"https:\/\/blogs.hoy.es\/Juandomingofernandez\/wp-json\/wp\/v2\/posts\/816\/revisions\/820"}],"wp:attachment":[{"href":"https:\/\/blogs.hoy.es\/Juandomingofernandez\/wp-json\/wp\/v2\/media?parent=816"}],"wp:term":[{"taxonomy":"category","embeddable":true,"href":"https:\/\/blogs.hoy.es\/Juandomingofernandez\/wp-json\/wp\/v2\/categories?post=816"},{"taxonomy":"post_tag","embeddable":true,"href":"https:\/\/blogs.hoy.es\/Juandomingofernandez\/wp-json\/wp\/v2\/tags?post=816"}],"curies":[{"name":"wp","href":"https:\/\/api.w.org\/{rel}","templated":true}]}}