{"id":82,"date":"2007-07-15T12:19:01","date_gmt":"2007-07-15T12:19:01","guid":{"rendered":"http:\/\/blogs.hoy.es\/Juandomingofernandez\/?p=82"},"modified":"2007-07-15T12:19:01","modified_gmt":"2007-07-15T12:19:01","slug":"viaje-el-tiempo","status":"publish","type":"post","link":"https:\/\/blogs.hoy.es\/Juandomingofernandez\/2007\/07\/15\/viaje-el-tiempo\/","title":{"rendered":"Viaje en el tiempo"},"content":{"rendered":"<p class=\"MsoNormal\"><font face=\"Times New Roman\" size=\"4\">Yo estaba pasando unos d\u00edas en Par\u00eds. Me<br \/>\nalojaba en un peque\u00f1o hotel del Barrio Latino donde la decoraci\u00f3n de las<br \/>\nhabitaciones inclu\u00eda, \u00a1oh, la, la!, libros y fotograf\u00edas enmarcadas de Sartre,<br \/>\nde Camus, de Gide, de Proust, de Yves Montand&#8230; (Dejo para otro momento la<br \/>\nhabilidosa &#8216;grandeza&#8217; gala para el marketing socio-cultural). <\/font><\/p>\n<p class=\"MsoNormal\"><font face=\"Times New Roman\" size=\"4\">Muy cerca de ese hotel est\u00e1 la iglesia de<br \/>\nSaint Nicolas du Chardonnet y se me ocurri\u00f3 inaugurar el deambular tur\u00edstico<br \/>\nechando un vistazo a su interior. \u00a1Madre del amor hermoso! Fue una revelaci\u00f3n<br \/>\nque me dej\u00f3 primero inerme, despu\u00e9s pr\u00e1cticamente levitando y al final sacudido<br \/>\npor una tormenta de melancol\u00eda casi insoportable. <\/font><\/p>\n<p class=\"MsoNormal\"><font face=\"Times New Roman\" size=\"4\">Era evidente que all\u00ed se celebraba una<br \/>\nmisa, pero \u00bfqui\u00e9n y para qui\u00e9nes? Las mujeres llevaban un velo id\u00e9ntico al que<br \/>\nluc\u00edan mis abuelas o mi madre cuando yo era un ni\u00f1o. El cura oficiaba de<br \/>\nespaldas a los fieles y hab\u00eda un olor a incienso por todo el templo. Deduje y<br \/>\ncomprob\u00e9 despu\u00e9s que me hab\u00eda metido en el &#8216;sanctasantorum&#8217; de los seguidores<br \/>\nde monse\u00f1or Lefebvre, el arzobispo franc\u00e9s que abri\u00f3 un cisma en 1988<br \/>\nsepar\u00e1ndose de Roma y reclamando, entre otras cosas, el rito de la misa en<br \/>\nlat\u00edn.<\/font><\/p>\n<p><font face=\"Times New Roman\" size=\"4\">He<br \/>\nrecordado el episodio porque el Papa Benedicto XVI acaba de anunciar que<br \/>\npermitir\u00e1 el lat\u00edn opcional en la misa para la \u00abreconciliaci\u00f3n interna\u00bb de la<br \/>\niglesia. Yo ah\u00ed no llego, pero \u00bfd\u00f3nde hay que apuntarse para volver a escuchar<br \/>\nuna misa en lat\u00edn por estos pagos? Estoy seguro de que a quienes tenemos edad<br \/>\npara acordarnos de la muerte de Kennedy, de los \u00e9xitos de El Cordob\u00e9s o de las<br \/>\ncarreras de Gento, presenciar una liturgia tan solemne como aquella del lat\u00edn y<br \/>\nel incensario nos parecer\u00eda igual de formidable que viajar en el t\u00fanel del<br \/>\ntiempo. Aunque acab\u00e1ramos inermes, levitando o acaso con agujetas en el<br \/>\ncoraz\u00f3n.<\/font><\/p>\n<!-- AddThis Advanced Settings generic via filter on the_content --><!-- AddThis Share Buttons generic via filter on the_content -->","protected":false},"excerpt":{"rendered":"<p>Yo estaba pasando unos d\u00edas en Par\u00eds. Me alojaba en un peque\u00f1o hotel del Barrio Latino donde la decoraci\u00f3n de las habitaciones inclu\u00eda, \u00a1oh, la, la!, libros y fotograf\u00edas enmarcadas de Sartre, de Camus, de Gide, de Proust, de Yves Montand&#8230; (Dejo para otro momento la habilidosa &#8216;grandeza&#8217; gala para el marketing socio-cultural). Muy cerca [&hellip;]<!-- AddThis Advanced Settings generic via filter on get_the_excerpt --><!-- AddThis Share Buttons generic via filter on get_the_excerpt --><\/p>\n","protected":false},"author":13,"featured_media":0,"comment_status":"open","ping_status":"closed","sticky":false,"template":"","format":"standard","meta":[],"categories":[2],"tags":[],"_links":{"self":[{"href":"https:\/\/blogs.hoy.es\/Juandomingofernandez\/wp-json\/wp\/v2\/posts\/82"}],"collection":[{"href":"https:\/\/blogs.hoy.es\/Juandomingofernandez\/wp-json\/wp\/v2\/posts"}],"about":[{"href":"https:\/\/blogs.hoy.es\/Juandomingofernandez\/wp-json\/wp\/v2\/types\/post"}],"author":[{"embeddable":true,"href":"https:\/\/blogs.hoy.es\/Juandomingofernandez\/wp-json\/wp\/v2\/users\/13"}],"replies":[{"embeddable":true,"href":"https:\/\/blogs.hoy.es\/Juandomingofernandez\/wp-json\/wp\/v2\/comments?post=82"}],"version-history":[{"count":0,"href":"https:\/\/blogs.hoy.es\/Juandomingofernandez\/wp-json\/wp\/v2\/posts\/82\/revisions"}],"wp:attachment":[{"href":"https:\/\/blogs.hoy.es\/Juandomingofernandez\/wp-json\/wp\/v2\/media?parent=82"}],"wp:term":[{"taxonomy":"category","embeddable":true,"href":"https:\/\/blogs.hoy.es\/Juandomingofernandez\/wp-json\/wp\/v2\/categories?post=82"},{"taxonomy":"post_tag","embeddable":true,"href":"https:\/\/blogs.hoy.es\/Juandomingofernandez\/wp-json\/wp\/v2\/tags?post=82"}],"curies":[{"name":"wp","href":"https:\/\/api.w.org\/{rel}","templated":true}]}}